{"id":103,"date":"2020-03-09T17:50:10","date_gmt":"2020-03-09T17:50:10","guid":{"rendered":"https:\/\/unis-metis.fr\/?p=103"},"modified":"2020-11-12T01:02:37","modified_gmt":"2020-11-12T00:02:37","slug":"lunite-economique-et-sociale-ues","status":"publish","type":"post","link":"https:\/\/unis-metis.fr\/?p=103","title":{"rendered":"L&rsquo;Unit\u00e9 \u00c9conomique &#038; Sociale (UES)"},"content":{"rendered":"<div class='booster-block booster-read-block'>\n                <div class=\"twp-read-time\">\n                \t<i class=\"booster-icon twp-clock\"><\/i> <span>Temps de lecture :<\/span>3 Minutes, 41 Secondes                <\/div>\n\n            <\/div><h1><b>L\u2019Unit\u00e9 \u00c9conomique &amp; Sociale, c\u2019est quoi ?<\/b><\/h1>\n<p>L&rsquo;<a href=\"https:\/\/actu.dalloz-etudiant.fr\/a-la-une\/article\/precision-importante-concernant-le-cadre-de-reconnaissance-dune-unite-economique-et-sociale\/h\/d849a9bdf5e52311347d4e5238422e2c.html\" target=\"_blank\" rel=\"noopener noreferrer\">UES<\/a> est la reconnaissance du fait qu&rsquo;un ensemble de travailleurs, dans des entreprises n\u00e9cessairement distinctes, sont dirig\u00e9s par les m\u00eames personnes (physiques ou morales), avec plus ou moins les m\u00eames int\u00e9r\u00eats \u00e9conomiques (m\u00eames fonds, imbrication des capitaux, partages des ressources, compl\u00e9mentarit\u00e9 des activit\u00e9s), \u00e0 l&rsquo;aide de r\u00e8gles comparables (convention collective, r\u00e8glements, etc\u2026) et, en impliquant une mobilit\u00e9 du personnel entre les diff\u00e9rentes entreprises.<\/p>\n<p>Eneffet, dans ces conditions, il est reconnu que ces travailleurs ont n\u00e9cessairement des int\u00e9r\u00eats communs \u00e0 d\u00e9fendre.<\/p>\n<p>Autrement dit, une UES est reconnue lorsque des m\u00eames gens s&rsquo;organisent pour diriger plusieurs entreprises, en utilisant globalement les m\u00eames r\u00e8gles.<!--more--><\/p>\n<h1><b>Quel est l&rsquo;int\u00e9r\u00eat de reconna\u00eetre une UES?<\/b><\/h1>\n<p>Au niveau collectif, la reconnaissance de l&rsquo;UES entra\u00eene l&rsquo;<b>obligation de mettre en place un <\/b><a href=\"https:\/\/www.legifrance.gouv.fr\/affichCodeArticle.do;jsessionid=273382F44AE780E153F6EA3AC4DDD094.tplgfr29s_2?idArticle=LEGIARTI000038613208&amp;cidTexte=LEGITEXT000006072050&amp;dateTexte\" target=\"_blank\" rel=\"noopener noreferrer\"><b>accord de participation<\/b><\/a><b> pour tous<\/b> (m\u00eame dans une association) et, l&rsquo;<b>obligation de mettre en place des <\/b><a href=\"https:\/\/www.legifrance.gouv.fr\/affichCodeArticle.do;jsessionid=273382F44AE780E153F6EA3AC4DDD094.tplgfr29s_2?idArticle=LEGIARTI000036262496&amp;cidTexte=LEGITEXT000006072050&amp;dateTexte\" target=\"_blank\" rel=\"noopener noreferrer\"><b>instances de repr\u00e9sentation<\/b><\/a><b> du personnel adapt\u00e9es<\/b>. Au niveau individuel, lorsqu&rsquo;une UES est reconnue, elle fait l&rsquo;<b>obligation de rechercher des solutions de <\/b><a href=\"https:\/\/www.legifrance.gouv.fr\/affichCodeArticle.do;jsessionid=8ACB0B68D92DAF5E4AA719EAEF15ABCF.tplgfr27s_1?idArticle=LEGIARTI000036431884&amp;cidTexte=LEGITEXT000006072050&amp;dateTexte\" target=\"_blank\" rel=\"noopener noreferrer\"><b>reclassement \u00e0 l&rsquo;\u00e9chelle de l&rsquo;UES<\/b><\/a> (pour un <a href=\"https:\/\/www.legifrance.gouv.fr\/affichJuriJudi.do?idTexte=JURITEXT000023114307\" target=\"_blank\" rel=\"noopener noreferrer\">motif \u00e9conomique<\/a>, ou <a href=\"https:\/\/www.legifrance.gouv.fr\/affichJuriJudi.do?oldAction=rechJuriJudi&amp;idTexte=JURITEXT000007046448&amp;fastReqId=736297475&amp;fastPos=1\" target=\"_blank\" rel=\"noopener noreferrer\">d\u2019autres<\/a>).<\/p>\n<p><b>Quand des employeurs s&rsquo;organisent pour d\u00e9cider ensemble, leurs salari\u00e9s doivent avoir tous les moyens pour faire prendre en compte leurs int\u00e9r\u00eats dans ces d\u00e9cisions.<\/b> Or, sans une vision compl\u00e8te, les IRP ne peuvent ni informer correctement le personnel, ni veiller \u00e0 ses droits, ni d\u00e9fendre ses int\u00e9r\u00eats. Pis, ils n&rsquo;ont m\u00eame pas de cadre l\u00e9gal pour se partager de l&rsquo;information.<\/p>\n<p>Individuellement aussi, les salari\u00e9s se trouvent priv\u00e9s de pr\u00e9cieuses informations pour n\u00e9gocier avec leur employeur.<\/p>\n<p><b>Les UES ont donc \u00e9t\u00e9 invent\u00e9es, par les juges supr\u00eames, dans le seul but de prot\u00e9ger les salari\u00e9s et d&rsquo;\u00e9viter qu&rsquo;ils ne soient l\u00e9s\u00e9s. Par cons\u00e9quent, il ne peut r\u00e9sulter que des b\u00e9n\u00e9fices pour les salari\u00e9s \u00e0 voir reconna\u00eetre une UES, lorsqu&rsquo;elle existe.<\/b><\/p>\n<h1>Quelles applications pr\u00e9voir<b> ?<\/b><\/h1>\n<p><b>Depuis 2016, la Mission Locale et Cr\u00e9ativ&rsquo; sont gouvern\u00e9es par la m\u00eame Pr\u00e9sidente. Elle mart\u00e8le que sa mission est d&rsquo;op\u00e9rer le rapprochement des structures qu&rsquo;elle pr\u00e9side, consid\u00e9r\u00e9es comme compl\u00e9mentaires, notamment par la M\u00e9tropole, afin de <\/b><b><i>\u00ab\u00a0cr\u00e9er des synergies\u00a0\u00bb<\/i><\/b><b> et <\/b><b><i>\u00ab\u00a0proposer une offre de service coordonn\u00e9e\u00a0\u00bb<\/i><\/b><b> sur son territoire.<\/b><\/p>\n<p>Depuis <b>fin 2017, les actes sont venus appuyer les discours<\/b> (cahiers des charges, CA &amp; CODIR communs, cabiner de consultants, ateliers\u2026).<\/p>\n<p>Depuis fin 2019, comme annonc\u00e9, les directions de la Mission Locale de Dijon et de Creativ&rsquo; se sont dot\u00e9es d&rsquo;une \u00ab\u00a0feuille de route commune\u00a0\u00bb qui organise une direction bic\u00e9phale commune, une communaut\u00e9 professionnelle et diverses mutualisations.<\/p>\n<p>Face \u00e0 une pareille organisation les salari\u00e9s doivent assurer leurs droits. Notamment leurs moyens de suivre ces \u00e9volutions majeures et de faire prendre en compte leur vision ou leurs besoins dans les d\u00e9cisions de l&#8217;employeur.<\/p>\n<p><a href=\"https:\/\/unis-metis.fr\/wp-content\/uploads\/2020\/03\/2020-03-10-La-Note-UES.pdf\">La Note &#8211; UES<\/a><\/p>\n","protected":false},"excerpt":{"rendered":"<p>L\u2019Unit\u00e9 \u00c9conomique &amp; Sociale, c\u2019est quoi ? L&rsquo;UES est la reconnaissance du fait qu&rsquo;un ensemble de travailleurs, dans des entreprises n\u00e9cessairement distinctes, sont dirig\u00e9s par les m\u00eames personnes (physiques ou morales), avec plus ou moins les m\u00eames int\u00e9r\u00eats \u00e9conomiques (m\u00eames fonds, imbrication des capitaux, partages des ressources, compl\u00e9mentarit\u00e9 des activit\u00e9s), \u00e0 l&rsquo;aide de r\u00e8gles comparables [&hellip;]<\/p>\n","protected":false},"author":1,"featured_media":104,"comment_status":"open","ping_status":"open","sticky":false,"template":"","format":"standard","meta":{"footnotes":""},"categories":[8],"tags":[12,11,10],"class_list":["post-103","post","type-post","status-publish","format-standard","has-post-thumbnail","hentry","category-articles","tag-creativ","tag-milo","tag-ues"],"_links":{"self":[{"href":"https:\/\/unis-metis.fr\/index.php?rest_route=\/wp\/v2\/posts\/103","targetHints":{"allow":["GET"]}}],"collection":[{"href":"https:\/\/unis-metis.fr\/index.php?rest_route=\/wp\/v2\/posts"}],"about":[{"href":"https:\/\/unis-metis.fr\/index.php?rest_route=\/wp\/v2\/types\/post"}],"author":[{"embeddable":true,"href":"https:\/\/unis-metis.fr\/index.php?rest_route=\/wp\/v2\/users\/1"}],"replies":[{"embeddable":true,"href":"https:\/\/unis-metis.fr\/index.php?rest_route=%2Fwp%2Fv2%2Fcomments&post=103"}],"version-history":[{"count":0,"href":"https:\/\/unis-metis.fr\/index.php?rest_route=\/wp\/v2\/posts\/103\/revisions"}],"wp:featuredmedia":[{"embeddable":true,"href":"https:\/\/unis-metis.fr\/index.php?rest_route=\/wp\/v2\/media\/104"}],"wp:attachment":[{"href":"https:\/\/unis-metis.fr\/index.php?rest_route=%2Fwp%2Fv2%2Fmedia&parent=103"}],"wp:term":[{"taxonomy":"category","embeddable":true,"href":"https:\/\/unis-metis.fr\/index.php?rest_route=%2Fwp%2Fv2%2Fcategories&post=103"},{"taxonomy":"post_tag","embeddable":true,"href":"https:\/\/unis-metis.fr\/index.php?rest_route=%2Fwp%2Fv2%2Ftags&post=103"}],"curies":[{"name":"wp","href":"https:\/\/api.w.org\/{rel}","templated":true}]}}