{"id":1295,"date":"2022-02-22T22:41:17","date_gmt":"2022-02-22T21:41:17","guid":{"rendered":"https:\/\/unis-metis.fr\/?p=1295"},"modified":"2022-12-05T11:28:58","modified_gmt":"2022-12-05T10:28:58","slug":"dessine-ton-taf-lecologie-dans-lentreprise-14-avril-2022","status":"publish","type":"post","link":"https:\/\/unis-metis.fr\/?p=1295","title":{"rendered":"Dessine Ton Taf &#8211; L&rsquo;\u00c9cologie dans l&rsquo;entreprise"},"content":{"rendered":"<div class='booster-block booster-read-block'>\n                <div class=\"twp-read-time\">\n                \t<i class=\"booster-icon twp-clock\"><\/i> <span>Temps de lecture :<\/span>2 Minutes, 12 Secondes                <\/div>\n\n            <\/div>\n\n\n<p><strong>Dans ce podcast, <\/strong><strong><em>extrait du webinaire Dessine Ton Taf du 14 avril 2022<\/em><\/strong><strong>, Vincent Dupraz (<\/strong><a href=\"https:\/\/lamaisonduzerodechet.org\/association\/\"><strong>La Maison du Z\u00e9ro D\u00e9chet<\/strong><\/a><strong>) et Arnaud Farizon (<\/strong><a href=\"https:\/\/www.exoce.fr\/\"><strong>Cabinet EXOCE<\/strong><\/a><strong>) nous donnent des pistes pour agir en faveur de l&rsquo;\u00e9cologie dans l&rsquo;entreprise, individuellement et collectivement.<\/strong><\/p>\n\n\n\n<p>Vincent Dupraz \u2013 La Maison du Z\u00e9ro D\u00e9chet<\/p>\n\n\n\n<ul class=\"wp-block-list\">\n<li>la Maison du Z\u00e9ro D\u00e9chet et Zero Waste France: pr\u00e9sentation<\/li>\n\n\n\n<li>pr\u00e9sentation des enjeux soci\u00e9taux de la d\u00e9marche<\/li>\n\n\n\n<li>comment s&rsquo;inscrire dans une d\u00e9marche z\u00e9ro d\u00e9chet en entreprise?<\/li>\n\n\n\n<li>comment Z\u00e9ro Waste France peut accompagner les entreprises ou les partenaires qui veulent s&rsquo;inscrire dans une d\u00e9marche de z\u00e9ro d\u00e9chet<\/li>\n\n\n\n<li>Etc.<\/li>\n<\/ul>\n\n\n\n<p>Arnaud Farizon \u2013 Consultant CSE \u2013 Cabinet EXOCE<\/p>\n\n\n\n<ul class=\"wp-block-list\">\n<li>la place des repr\u00e9sentants du personnel (CSE, Syndicats) sur l&rsquo;\u00e9cologie dans l&rsquo;entreprise, leurs moyens et les fondements de leurs actions<\/li>\n\n\n\n<li>la BDESE &#8211; Qu&rsquo;est-ce donc? Quelles informations environnementales doit-elle contenir?<\/li>\n\n\n\n<li>comment le CSE peut initier une d\u00e9marche de r\u00e9duction des d\u00e9chets dans l&rsquo;entreprise et pourquoi les travailleurs y ont int\u00e9r\u00eat?<\/li>\n\n\n\n<li>comment l&rsquo;\u00e9cologie dans l&rsquo;entreprise peut-elle devenir un levier pour les droits des travailleurs et l&rsquo;am\u00e9lioration des conditions de travail?<\/li>\n\n\n\n<li>Etc.<\/li>\n<\/ul>\n\n\n\n<p>Chronologie:<\/p>\n\n\n\n<ul class=\"wp-block-list\">\n<li>00:00:00 \u2013 G\u00e9n\u00e9rique<\/li>\n\n\n\n<li>00:00:24 \u2013 Vincent Dupraz \u2013 Intervention pour la Maison du Z\u00e9ro D\u00e9chet<\/li>\n\n\n\n<li>00:23:41 \u2013 Vincent Dupraz \u2013 Questions-R\u00e9ponses<\/li>\n\n\n\n<li>00:36:48 \u2013 Arnaud Farizon \u2013 Intervention pour le Cabinet EXOCE<\/li>\n\n\n\n<li>01:01:17 \u2013 Arnaud Farizon \u2013 Questions-R\u00e9ponses<\/li>\n\n\n\n<li>01:15:37 \u2013 Agent SX \u2013 Nature morte (musique)<\/li>\n<\/ul>\n\n\n\n<p><strong>Cr\u00e9dits<\/strong><\/p>\n\n\n\n<p>Ressources audio suivantes sont utilis\u00e9es dans ce podcast :<\/p>\n\n\n\n<ul class=\"wp-block-list\">\n<li>AudioSphere &#8211; Inspiring Corporate Ideas<\/li>\n\n\n\n<li>AudioSphere &#8211; Hip-Hop This<\/li>\n\n\n\n<li>AudioSphere &#8211; Fun Jazz<\/li>\n\n\n\n<li>Nick Gordy &#8211; Groovy Jazz Funk<\/li>\n\n\n\n<li>Agent SX &#8211; Nature morte<\/li>\n<\/ul>\n\n\n\n<hr class=\"wp-block-separator has-alpha-channel-opacity\"\/>\n\n\n\n<figure class=\"wp-block-embed is-type-wp-embed is-provider-la-note wp-block-embed-la-note\"><div class=\"wp-block-embed__wrapper\">\n<blockquote class=\"wp-embedded-content\" data-secret=\"gxmvKTgmIx\"><a href=\"https:\/\/unis-metis.fr\/archives\/1452\">La d\u00e9marche z\u00e9ro d\u00e9chet en entreprise &#8211; La Maison du Z\u00e9ro D\u00e9chet<\/a><\/blockquote><iframe loading=\"lazy\" class=\"wp-embedded-content\" sandbox=\"allow-scripts\" security=\"restricted\" style=\"position: absolute; clip: rect(1px, 1px, 1px, 1px);\" title=\"\u00ab\u00a0La d\u00e9marche z\u00e9ro d\u00e9chet en entreprise &#8211; La Maison du Z\u00e9ro D\u00e9chet\u00a0\u00bb &#8212; La Note\" src=\"https:\/\/unis-metis.fr\/archives\/1452\/embed#?secret=8w3kPq1eTU#?secret=gxmvKTgmIx\" data-secret=\"gxmvKTgmIx\" width=\"600\" height=\"338\" frameborder=\"0\" marginwidth=\"0\" marginheight=\"0\" scrolling=\"no\"><\/iframe>\n<\/div><\/figure>\n\n\n\n<hr class=\"wp-block-separator has-alpha-channel-opacity\"\/>\n\n\n\n<figure class=\"wp-block-embed is-type-wp-embed is-provider-la-note wp-block-embed-la-note\"><div class=\"wp-block-embed__wrapper\">\n<blockquote class=\"wp-embedded-content\" data-secret=\"5KWGjnp8gX\"><a href=\"https:\/\/unis-metis.fr\/archives\/1497\">Le CSE et l&#8217;\u00e9cologie dans l&#8217;entreprise &#8211; par Arnaud Farizon &#8211; EXOCE<\/a><\/blockquote><iframe loading=\"lazy\" class=\"wp-embedded-content\" sandbox=\"allow-scripts\" security=\"restricted\" style=\"position: absolute; clip: rect(1px, 1px, 1px, 1px);\" title=\"\u00ab\u00a0Le CSE et l&#8217;\u00e9cologie dans l&#8217;entreprise &#8211; par Arnaud Farizon &#8211; EXOCE\u00a0\u00bb &#8212; La Note\" src=\"https:\/\/unis-metis.fr\/archives\/1497\/embed#?secret=2l1jhsQbk9#?secret=5KWGjnp8gX\" data-secret=\"5KWGjnp8gX\" width=\"600\" height=\"338\" frameborder=\"0\" marginwidth=\"0\" marginheight=\"0\" scrolling=\"no\"><\/iframe>\n<\/div><\/figure>\n","protected":false},"excerpt":{"rendered":"<p>Dans ce podcast, extrait du webinaire Dessine Ton Taf du 14 avril 2022, Vincent Dupraz (La Maison du Z\u00e9ro D\u00e9chet) et Arnaud Farizon (Cabinet EXOCE) nous donnent des pistes pour agir en faveur de l&rsquo;\u00e9cologie dans l&rsquo;entreprise, individuellement et collectivement. Vincent Dupraz \u2013 La Maison du Z\u00e9ro D\u00e9chet Arnaud Farizon \u2013 Consultant CSE \u2013 Cabinet [&hellip;]<\/p>\n","protected":false},"author":1,"featured_media":1266,"comment_status":"open","ping_status":"open","sticky":true,"template":"","format":"standard","meta":{"footnotes":""},"categories":[9],"tags":[76,98,6,22,99,69],"class_list":["post-1295","post","type-post","status-publish","format-standard","has-post-thumbnail","hentry","category-podcast","tag-dessine-ton-taf","tag-ecologie","tag-evenements","tag-informations","tag-responsabilite-sociale","tag-zero-dechet"],"_links":{"self":[{"href":"https:\/\/unis-metis.fr\/index.php?rest_route=\/wp\/v2\/posts\/1295","targetHints":{"allow":["GET"]}}],"collection":[{"href":"https:\/\/unis-metis.fr\/index.php?rest_route=\/wp\/v2\/posts"}],"about":[{"href":"https:\/\/unis-metis.fr\/index.php?rest_route=\/wp\/v2\/types\/post"}],"author":[{"embeddable":true,"href":"https:\/\/unis-metis.fr\/index.php?rest_route=\/wp\/v2\/users\/1"}],"replies":[{"embeddable":true,"href":"https:\/\/unis-metis.fr\/index.php?rest_route=%2Fwp%2Fv2%2Fcomments&post=1295"}],"version-history":[{"count":0,"href":"https:\/\/unis-metis.fr\/index.php?rest_route=\/wp\/v2\/posts\/1295\/revisions"}],"wp:featuredmedia":[{"embeddable":true,"href":"https:\/\/unis-metis.fr\/index.php?rest_route=\/wp\/v2\/media\/1266"}],"wp:attachment":[{"href":"https:\/\/unis-metis.fr\/index.php?rest_route=%2Fwp%2Fv2%2Fmedia&parent=1295"}],"wp:term":[{"taxonomy":"category","embeddable":true,"href":"https:\/\/unis-metis.fr\/index.php?rest_route=%2Fwp%2Fv2%2Fcategories&post=1295"},{"taxonomy":"post_tag","embeddable":true,"href":"https:\/\/unis-metis.fr\/index.php?rest_route=%2Fwp%2Fv2%2Ftags&post=1295"}],"curies":[{"name":"wp","href":"https:\/\/api.w.org\/{rel}","templated":true}]}}