{"id":1329,"date":"2022-02-23T16:37:44","date_gmt":"2022-02-23T15:37:44","guid":{"rendered":"https:\/\/unis-metis.fr\/?p=1329"},"modified":"2022-03-03T09:22:06","modified_gmt":"2022-03-03T08:22:06","slug":"dessine-ton-taf-la-retraite-et-la-retraite-complementaire-24-novembre-2022","status":"publish","type":"post","link":"https:\/\/unis-metis.fr\/?p=1329","title":{"rendered":"Dessine Ton Taf &#8211; Pr\u00e9parer son d\u00e9part \u00e0 la Retraite &#8211; 24 novembre 2022"},"content":{"rendered":"<div class='booster-block booster-read-block'>\n                <div class=\"twp-read-time\">\n                \t<i class=\"booster-icon twp-clock\"><\/i> <span>Temps de lecture :<\/span>1 Minutes, 23 Secondes                <\/div>\n\n            <\/div>\n<p><strong>Participe \u00e0 notre webinaire sur \u00ab\u00a0comment pr\u00e9parer son d\u00e9part \u00e0 la Retraite\u00a0\u00bb, le 24 novembre 2022, de 12h30 \u00e0 14h, avec:<\/strong><\/p>\n\n\n\n<ul class=\"wp-block-list\"><li><a href=\"https:\/\/www.carsat-bfc.fr\/\" target=\"_blank\" rel=\"noreferrer noopener\"><strong>Alexandre FLECK-MOHIDINEKHAN &#8211; Charg\u00e9 de Mission &#8211; Carsat BFC<\/strong><\/a><\/li><li><strong>Me Jean-Baptiste Gavignet<\/strong> \u2013 Avocat \u2013 SCP Gavignet &amp; Associ\u00e9s<\/li><li><strong>Arnaud Farizon<\/strong> &#8211; Consultant CSE &#8211; Cabinet EXOCE<\/li><li>D&rsquo;autres intervenants sp\u00e9cialis\u00e9s&#8230;<\/li><\/ul>\n\n\n\n<p><em>La retraite compl\u00e9mentaire, qu&rsquo;est-ce que c&rsquo;est ? Quelles sont les choses \u00e0 savoir et \u00e0 surveiller pour bien pr\u00e9parer sa retraite ? Pourquoi c&rsquo;est important ? Qu\u2019est-ce que l&rsquo;Agirc-Arrco? Comment la mobilis\u00e9 ? Qu\u2019est-ce que la Carsat et quel est son r\u00f4le? Comment le travailleur peut-il la mobiliser pour pr\u00e9parer sa retraite? Quel est le r\u00f4le du CSE et des Organisations Syndicales en la mati\u00e8re ? Quels sont les outils \u00e0 leur disposition pour agir? Quels sont les enjeux majeurs du financement des retraites?<\/em><\/p>\n\n\n\n<p>Viens en apprendre plus sur le sujet et poser tes questions en direct aux intervenants, pour mieux faire vivre tes droits au quotidien et contribuer \u00e0 l\u2019action autour de toi.<\/p>\n\n\n\n<h2 class=\"has-text-align-center wp-block-heading\"><a rel=\"noreferrer noopener\" href=\"https:\/\/us02web.zoom.us\/meeting\/register\/tZErduigqDIiHNchCeqkvMoFwfwLlUvLV594\" target=\"_blank\">Je m&rsquo;inscris gratuitement!<\/a><\/h2>\n\n\n\n<hr class=\"wp-block-separator\"\/>\n\n\n\t\t\t<style type=\"text\/css\"><\/style>\n\t\t\t<div id=\"pp-podcast-7569\" class=\"pp-podcast has-header header-hidden has-featured playerview media-audio squr centercrop\"  data-teaser=\"\" data-elength=\"18\" data-eunit=\"\" data-ppsdata=\"{&quot;ppe-7569-1&quot;:{&quot;title&quot;:&quot;Les Libert\\u00e9s fondamentales en entreprise&quot;,&quot;description&quot;:&quot;&lt;p&gt;&lt;strong&gt;D\\u00e9couvre notre podcast sur les Libert\\u00e9s fondamentales dans l\\u2019entreprise, issu du webinaire, Dessine Ton Taf, du 20 octobre 2022, avec:&lt;\\\/strong&gt;&lt;\\\/p&gt;\\n&lt;ul&gt;\\n&lt;li&gt;&lt;a href=\\&quot;https:\\\/\\\/lise-cnrs.cnam.fr\\\/le-laboratoire\\\/les-membres-du-lise\\\/michel-mine-625215.kjsp\\&quot; rel=\\&quot;noreferrer noopener\\&quot; target=\\&quot;_blank\\&quot;&gt;&lt;strong&gt;Michel Min\\u00e9&lt;\\\/strong&gt;&lt;\\\/a&gt;&lt;strong&gt; \\u2013 &lt;\\\/strong&gt;&lt;a href=\\&quot;https:\\\/\\\/www.ldh-france.org\\\/\\&quot; rel=\\&quot;noreferrer noopener\\&quot; target=\\&quot;_blank\\&quot;&gt;&lt;strong&gt;Ligue des Droits de l\\u2019Homme France&lt;\\\/strong&gt;&lt;\\\/a&gt;&lt;\\\/li&gt;\\n&lt;li&gt;&lt;strong&gt;Me Jean-Baptiste Gavignet&lt;\\\/strong&gt; \\u2013 Avocat \\u2013 SCP Gavignet &amp; Associ\\u00e9s&lt;\\\/li&gt;\\n&lt;li&gt;&lt;strong&gt;Arnaud Farizon&lt;\\\/strong&gt; \\u2013 Consultant CSE \\u2013 Cabinet EXOCE (Cabinet d&rsquo;expert-comptable pour CSE)&lt;\\\/li&gt;\\n&lt;\\\/ul&gt;\\n&lt;p&gt;&lt;em&gt;Les libert\\u00e9s dans l\\u2019entreprise, le principe de la &nbsp;proportionnalit\\u00e9 et ses limites, le r\\u00f4le du D\\u00e9fenseur des Droits, &nbsp;l\\u2019action de LDH France en la mati\\u00e8re, le r\\u00f4le du CSE (notamment le droit &nbsp;d\\u2019alerte), l\\u2019importance de la libert\\u00e9 d\\u2019expression (quelles sont ses &nbsp;limites objectives?), le Droit de Gr\\u00e8ve\\u2026 Quelles libert\\u00e9s informatiques &nbsp;face aux diff\\u00e9rents fichiers de l\\u2019entreprise? Comment exercer ses droits &nbsp;sur les informations personnelles d\\u00e9tenues par l\\u2019entreprise au travail ? &nbsp;Comment saisir la CNIL ?&lt;\\\/em&gt;&lt;\\\/p&gt;\\n&lt;p&gt;Viens en apprendre plus sur le sujet, pour mieux faire vivre tes droits au quotidien et &nbsp;contribuer \\u00e0 l\\u2019action autour de toi.&lt;\\\/p&gt;\\n&lt;p&gt;&#8212;&lt;\\\/p&gt;\\n&lt;p&gt;Consulte le support de pr\\u00e9sentation de la Ligue des Droits de l&rsquo;Homme, ici: https:\\\/\\\/unis-metis.fr\\\/archives\\\/1726&lt;\\\/p&gt;\\n&lt;p&gt;Consulte le support de pr\\u00e9sentation du Cabinet EXOCE (expert-comptable pour CSE), ici: https:\\\/\\\/unis-metis.fr\\\/archives\\\/1740&lt;\\\/p&gt;\\n&lt;p&gt;&#8212;&lt;\\\/p&gt;\\n&lt;p&gt;Chronologie de l&rsquo;\\u00e9pisode :&lt;\\\/p&gt;\\n&lt;ul&gt;\\n&lt;li&gt;00:00:00 &#8211; G\\u00e9n\\u00e9rique&lt;\\\/li&gt;\\n&lt;li&gt;00:00:55 &#8211; Intervention de Michel Min\\u00e9 (Ligue des Droits de l&rsquo;Homme)&lt;\\\/li&gt;\\n&lt;li&gt;00:28:10 &#8211; Questions &#8211; R\\u00e9ponses&lt;\\\/li&gt;\\n&lt;li&gt;00:37:24 &#8211; Intervention de Cl\\u00e9ment ORSET (Cabinet EXOCE &#8211; Expert-comptable pour CSE)&lt;\\\/li&gt;\\n&lt;li&gt;00:51:12 &#8211; Questions &#8211; R\\u00e9ponses&lt;\\\/li&gt;\\n&lt;li&gt;00:56:29 &#8211; Intervention de Me Jean-Baptiste Gavignet (SCP Gavignet &amp; Associ\\u00e9s &#8211; Avocat en droit du travail)&lt;\\\/li&gt;\\n&lt;li&gt;01:23:53 &#8211; Questions &#8211; R\\u00e9ponses&lt;\\\/li&gt;\\n&lt;li&gt;01:33:20 &#8211; Jabaswing &#8211; Faut Travailler (musique)&lt;\\\/li&gt;\\n&lt;\\\/ul&gt;\\n&lt;p&gt;&#8212;&lt;\\\/p&gt;\\n&lt;p&gt;Les ressources audio suivantes sont utilis\\u00e9es dans ce podcast :&lt;\\\/p&gt;\\n&lt;ul&gt;\\n&lt;li&gt;AudioSphere &#8211; Inspiring Corporate Ideas&lt;\\\/li&gt;\\n&lt;li&gt;AudioSphere &#8211; Hip-Hop This&lt;\\\/li&gt;\\n&lt;li&gt;AudioSphere &#8211; Fun Jazz&lt;\\\/li&gt;\\n&lt;li&gt;Nick Gordy &#8211; Groovy Jazz Funk&lt;\\\/li&gt;\\n&lt;li&gt;Jabaswing \\u2013 Faut Travailler&lt;\\\/li&gt;\\n&lt;\\\/ul&gt;\\n&lt;p&gt;Ce contenu de UNIS-METIS est mis \\u00e0 disposition selon les termes de la &nbsp;&nbsp;licence Creative Commons Attribution &#8211; Partage dans les M\\u00eames &nbsp;Conditions &nbsp;4.0 International.Les autorisations au-del\\u00e0 du champ de &nbsp;cette licence &nbsp;peuvent \\u00eatre obtenues \\u00e0 unis.metis@gmail.com.&lt;\\\/p&gt;\\n&quot;,&quot;author&quot;:&quot;UNIS-METIS&quot;,&quot;date&quot;:&quot;06\\\/02\\\/2023&quot;,&quot;link&quot;:&quot;https:\\\/\\\/podcasters.spotify.com\\\/pod\\\/show\\\/unis-metis\\\/episodes\\\/Les-Liberts-fondamentales-en-entreprise-e1ui3bp&quot;,&quot;src&quot;:&quot;https:\\\/\\\/anchor.fm\\\/s\\\/789a5164\\\/podcast\\\/play\\\/64604985\\\/https%3A%2F%2Fd3ctxlq1ktw2nl.cloudfront.net%2Fstaging%2F2023-1-6%2F311362134-44100-2-226b7ba5734e1.m4a&quot;,&quot;featured&quot;:&quot;https:\\\/\\\/d3t3ozftmdmh3i.cloudfront.net\\\/production\\\/podcast_uploaded\\\/20133793\\\/20133793-1639258853462-bb6e74a2cdaac.jpg&quot;,&quot;featured_id&quot;:0,&quot;mediatype&quot;:&quot;audio&quot;,&quot;season&quot;:2,&quot;categories&quot;:[],&quot;duration&quot;:&quot;01:36:34&quot;,&quot;episodetype&quot;:&quot;full&quot;,&quot;timestamp&quot;:1675708772,&quot;key&quot;:&quot;5e80cdfe4ec48bf40a0094afdba67b1d&quot;,&quot;fset&quot;:&quot;&quot;,&quot;fratio&quot;:1},&quot;ppe-7569-2&quot;:{&quot;title&quot;:&quot;L&#8217;emploi et le maintien dans l&#8217;emploi des travailleurs handicap\\u00e9s&quot;,&quot;description&quot;:&quot;&lt;p&gt;&lt;strong&gt;D\\u00e9couvre notre podcast consacr\\u00e9 \\u00e0 &lt;\\\/strong&gt;&lt;em&gt;&lt;strong&gt;\\u201cl\\u2019emploi et le maintien dans l\\u2019emploi des travailleurs handicap\\u00e9s\\u201d&lt;\\\/strong&gt;&lt;\\\/em&gt;&lt;strong&gt; (enregistr\\u00e9 le 19 mai 2022, de 12h30 \\u00e0 14h), avec:&lt;\\\/strong&gt;&lt;\\\/p&gt;\\n&lt;ul&gt;\\n&lt;li&gt;&lt;a href=\\&quot;https:\\\/\\\/www.agefiph.fr\\\/articles\\\/propos-de-lagefiph\\\/lagefiph-notre-action-aujourdhui-et-demain\\&quot; rel=\\&quot;noreferrer noopener\\&quot; target=\\&quot;_blank\\&quot;&gt;&lt;strong&gt;Murielle Baraban \\u2013 Charg\\u00e9e d\\u2019Etudes et de D\\u00e9veloppement \\u2013 Agefiph&lt;\\\/strong&gt;&lt;\\\/a&gt;&lt;\\\/li&gt;\\n&lt;li&gt;&lt;a href=\\&quot;https:\\\/\\\/www.agefiph.fr\\\/articles\\\/propos-de-lagefiph\\\/lagefiph-notre-action-aujourdhui-et-demain\\&quot; rel=\\&quot;noreferrer noopener\\&quot; target=\\&quot;_blank\\&quot;&gt;&lt;strong&gt;Fatima Bentaleb \\u2013 Charg\\u00e9e d\\u2019Etudes et de D\\u00e9veloppement \\u2013 Agefiph&lt;\\\/strong&gt;&lt;\\\/a&gt;&lt;\\\/li&gt;\\n&lt;li&gt;&lt;strong&gt;Arnaud Farizon&lt;\\\/strong&gt; \\u2013 Consultant CSE \\u2013 Cabinet EXOCE&lt;\\\/li&gt;\\n&lt;li&gt;&lt;strong&gt;Me Jean-Baptiste Gavignet&lt;\\\/strong&gt; \\u2013 Avocat \\u2013 SCP Gavignet &amp; Associ\\u00e9s&lt;\\\/li&gt;\\n&lt;\\\/ul&gt;\\n&lt;p&gt;&lt;em&gt;Les fondements du sujet, les obligations de l\\u2019employeur, la &nbsp;n\\u00e9gociation, les enjeux en mati\\u00e8re de pr\\u00e9vention des risques &nbsp;professionnels et d\\u2019\\u00e9galit\\u00e9 des chances, le r\\u00f4le du CSE et des \\u00e9lus, la &nbsp;prise en charge du handicap, l\\u2019adaptation du travail \\u00e0 l\\u2019Homme, les &nbsp;acteurs et les partenaires cl\\u00e9s du travailleur handicap\\u00e9 et des IRP\\u2026&lt;\\\/em&gt;&lt;\\\/p&gt;\\n&lt;p&gt;Viens en apprendre plus sur le sujet, pour mieux faire vivre tes droits au quotidien et &nbsp;contribuer \\u00e0 l\\u2019action autour de toi.&lt;\\\/p&gt;\\n&lt;p&gt;Consulte le support de pr\\u00e9sentation de l&rsquo;Agefiph, ici: &lt;a href=\\&quot;https:\\\/\\\/unis-metis.fr\\\/archives\\\/1462\\&quot; target=\\&quot;_blank\\&quot;&gt;https:\\\/\\\/unis-metis.fr\\\/archives\\\/1462&lt;\\\/a&gt;&lt;\\\/p&gt;\\n&lt;p&gt;Consulte le support de pr\\u00e9sentation du cabinet EXOCE (experts-comptables pour CSE), ici: &lt;a href=\\&quot;https:\\\/\\\/unis-metis.fr\\\/archives\\\/1504\\&quot;&gt;https:\\\/\\\/unis-metis.fr\\\/archives\\\/1504&lt;\\\/a&gt;&lt;\\\/p&gt;\\n&lt;p&gt;Chronologie de l&rsquo;\\u00e9pisode :&lt;br \\\/&gt;\\n00:00:36 &#8211; Intervention de l&rsquo;Agefiph BFC&lt;br \\\/&gt;\\n00:43:24 &#8211; Questions &#8211; R\\u00e9ponses&lt;br \\\/&gt;\\n00:51:48 &#8211; Intervention de Me Jean-Baptiste Gavignet&lt;br \\\/&gt;\\n01:08:29 &#8211; Intervention de Arnaud Farizon (EXOCE)&lt;br \\\/&gt;\\n01:39:49 &#8211; Questions &#8211; R\\u00e9ponses&lt;br \\\/&gt;\\n01:54:26 &#8211; Jabaswing &#8211; Travailler (musique)&lt;\\\/p&gt;\\n&lt;p&gt;Les ressources audio suivantes sont utilis\\u00e9es dans ce podcast :&lt;\\\/p&gt;\\n&lt;ul&gt;\\n&lt;li&gt;AudioSphere &#8211; Inspiring Corporate Ideas&lt;\\\/li&gt;\\n&lt;li&gt;AudioSphere &#8211; Hip-Hop This&lt;\\\/li&gt;\\n&lt;li&gt;AudioSphere &#8211; Fun Jazz&lt;\\\/li&gt;\\n&lt;li&gt;Nick Gordy &#8211; Groovy Jazz Funk&lt;\\\/li&gt;\\n&lt;li&gt;Jabaswing \\u2013 Travailler&lt;\\\/li&gt;\\n&lt;\\\/ul&gt;\\n&lt;p&gt;Ce contenu de UNIS-METIS est mis \\u00e0 disposition selon les termes de la &nbsp;licence Creative Commons Attribution &#8211; Partage dans les M\\u00eames Conditions &nbsp;4.0 International.Les autorisations au-del\\u00e0 du champ de cette licence &nbsp;peuvent \\u00eatre obtenues \\u00e0 unis.metis@gmail.com.&lt;\\\/p&gt;\\n&quot;,&quot;author&quot;:&quot;UNIS-METIS&quot;,&quot;date&quot;:&quot;04\\\/12\\\/2022&quot;,&quot;link&quot;:&quot;https:\\\/\\\/podcasters.spotify.com\\\/pod\\\/show\\\/unis-metis\\\/episodes\\\/Lemploi-et-le-maintien-dans-lemploi-des-travailleurs-handicaps-e1ro14m&quot;,&quot;src&quot;:&quot;https:\\\/\\\/anchor.fm\\\/s\\\/789a5164\\\/podcast\\\/play\\\/61653590\\\/https%3A%2F%2Fd3ctxlq1ktw2nl.cloudfront.net%2Fproduction%2F2022-11-4%2F301000072-32000-2-08c7aa6c8696b.mp3&quot;,&quot;featured&quot;:&quot;https:\\\/\\\/d3t3ozftmdmh3i.cloudfront.net\\\/production\\\/podcast_uploaded\\\/20133793\\\/20133793-1639258853462-bb6e74a2cdaac.jpg&quot;,&quot;featured_id&quot;:0,&quot;mediatype&quot;:&quot;audio&quot;,&quot;season&quot;:2,&quot;categories&quot;:[],&quot;duration&quot;:&quot;01:58:03&quot;,&quot;episodetype&quot;:&quot;full&quot;,&quot;timestamp&quot;:1670187324,&quot;key&quot;:&quot;5300d4bcfe2e2ce9ea8d1d7f39016fb3&quot;,&quot;fset&quot;:&quot;&quot;,&quot;fratio&quot;:1},&quot;ppe-7569-3&quot;:{&quot;title&quot;:&quot;L&rsquo;\\u00e9cologie dans l&rsquo;entreprise&quot;,&quot;description&quot;:&quot;&lt;p&gt;&lt;strong&gt;Dans ce podcast, &lt;\\\/strong&gt;&lt;em&gt;&lt;strong&gt;extrait du webinaire Dessine Ton Taf du 14 avril 2022&lt;\\\/strong&gt;&lt;\\\/em&gt;&lt;strong&gt;, Vincent Dupraz (&lt;\\\/strong&gt;&lt;a href=\\&quot;https:\\\/\\\/lamaisonduzerodechet.org\\\/association\\\/\\&quot; target=\\&quot;_blank\\&quot; rel=\\&quot;noopener noreferrer nofollow\\&quot;&gt;&lt;strong&gt;La Maison du Z\\u00e9ro D\\u00e9chet&lt;\\\/strong&gt;&lt;\\\/a&gt;&lt;strong&gt;) et Arnaud Farizon (&lt;\\\/strong&gt;&lt;a href=\\&quot;https:\\\/\\\/www.exoce.fr\\\/\\&quot; target=\\&quot;_blank\\&quot; rel=\\&quot;noopener noreferrer nofollow\\&quot;&gt;&lt;strong&gt;Cabinet EXOCE&lt;\\\/strong&gt;&lt;\\\/a&gt;&lt;strong&gt;) nous donnent des pistes pour agir en faveur de l&rsquo;\\u00e9coologie dans l&rsquo;entreprise, individuellement et collectivement.&lt;\\\/strong&gt;&lt;\\\/p&gt;\\n&lt;p&gt;Vincent Dupraz \\u2013 La Maison du Z\\u00e9ro D\\u00e9chet&lt;\\\/p&gt;\\n&lt;ul&gt;\\n&lt;li&gt;la Maison du Z\\u00e9ro D\\u00e9chet et Zero Waste France: pr\\u00e9sentation&lt;\\\/li&gt;\\n&lt;li&gt;pr\\u00e9sentation des enjeux soci\\u00e9taux de la d\\u00e9marche&lt;\\\/li&gt;\\n&lt;li&gt;comment s&rsquo;inscrire dans une d\\u00e9marche z\\u00e9ro d\\u00e9chet en entreprise?&lt;\\\/li&gt;\\n&lt;li&gt;comment Z\\u00e9ro Waste France peut accompagner les entreprises ou les partenaires qui veulent s&rsquo;inscrire dans une d\\u00e9marche de z\\u00e9ro d\\u00e9chet&lt;\\\/li&gt;\\n&lt;li&gt;Etc.&lt;\\\/li&gt;\\n&lt;\\\/ul&gt;\\n&lt;p&gt;Arnaud Farizon \\u2013 Consultant CSE \\u2013 Cabinet EXOCE&lt;\\\/p&gt;\\n&lt;ul&gt;\\n&lt;li&gt;la place des repr\\u00e9sentants du personnel (CSE, Syndicats) sur l&rsquo;\\u00e9cologie dans l&rsquo;entreprise, leurs moyens et les fondements de leurs actions&lt;\\\/li&gt;\\n&lt;li&gt;la BDESE &#8211; Qu&rsquo;est-ce donc? Quelles informations environnementales doit-elle contenir?&lt;\\\/li&gt;\\n&lt;li&gt;comment le CSE peut initier une d\\u00e9marche de r\\u00e9duction des d\\u00e9chets dans l&rsquo;entreprise et pourquoi les travailleurs y ont int\\u00e9r\\u00eat?&lt;\\\/li&gt;\\n&lt;li&gt;comment l&rsquo;\\u00e9cologie dans l&rsquo;entreprise peut-elle devenir un levier pour les droits des travailleurs et l&rsquo;am\\u00e9lioration des conditions de travail?&lt;\\\/li&gt;\\n&lt;li&gt;Etc.&lt;\\\/li&gt;\\n&lt;\\\/ul&gt;\\n&lt;p&gt;&lt;\\\/p&gt;\\n&lt;p&gt;&lt;strong&gt;Retrouvez les supports de pr\\u00e9sentation sur la page de l&rsquo;\\u00e9v\\u00e9nement: &lt;\\\/strong&gt;&lt;a href=\\&quot;https:\\\/\\\/unis-metis.fr\\\/archives\\\/1295\\&quot;&gt;&lt;strong&gt;https:\\\/\\\/unis-metis.fr\\\/archives\\\/1295&lt;\\\/strong&gt;&lt;\\\/a&gt;&lt;\\\/p&gt;\\n&lt;p&gt;&lt;\\\/p&gt;\\n&lt;p&gt;Chronologie:&lt;\\\/p&gt;\\n&lt;ul&gt;\\n&lt;li&gt;00:00:00 \\u2013 G\\u00e9n\\u00e9rique&lt;\\\/li&gt;\\n&lt;li&gt;00:00:24 \\u2013 Vincent Dupraz \\u2013 Intervention pour la Maison du Z\\u00e9ro D\\u00e9chet&lt;\\\/li&gt;\\n&lt;li&gt;00:23:41 \\u2013 Vincent Dupraz \\u2013 Questions-R\\u00e9ponses&lt;\\\/li&gt;\\n&lt;li&gt;00:36:48 \\u2013 Arnaud Farizon \\u2013 Intervention pour le Cabinet EXOCE&lt;\\\/li&gt;\\n&lt;li&gt;01:01:17 \\u2013 Arnaud Farizon \\u2013 Questions-R\\u00e9ponses&lt;\\\/li&gt;\\n&lt;li&gt;01:15:37 \\u2013 Agent SX \\u2013 Nature morte (musique)&lt;\\\/li&gt;\\n&lt;\\\/ul&gt;\\n&lt;p&gt;&lt;\\\/p&gt;\\n&lt;p&gt;&lt;strong&gt;Cr\\u00e9dits&lt;\\\/strong&gt;&lt;\\\/p&gt;\\n&lt;p&gt;Ressources audio suivantes sont utilis\\u00e9es dans ce podcast :&lt;\\\/p&gt;\\n&lt;ul&gt;\\n&lt;li&gt;AudioSphere &#8211; Inspiring Corporate Ideas&lt;\\\/li&gt;\\n&lt;li&gt;AudioSphere &#8211; Hip-Hop This&lt;\\\/li&gt;\\n&lt;li&gt;AudioSphere &#8211; Fun Jazz&lt;\\\/li&gt;\\n&lt;li&gt;Nick Gordy &#8211; Groovy Jazz Funk&lt;\\\/li&gt;\\n&lt;li&gt;Agent SX &#8211; Nature morte&lt;\\\/li&gt;\\n&lt;\\\/ul&gt;\\n&quot;,&quot;author&quot;:&quot;UNIS-METIS&quot;,&quot;date&quot;:&quot;29\\\/07\\\/2022&quot;,&quot;link&quot;:&quot;https:\\\/\\\/podcasters.spotify.com\\\/pod\\\/show\\\/unis-metis\\\/episodes\\\/Lcologie-dans-lentreprise-e1lresu&quot;,&quot;src&quot;:&quot;https:\\\/\\\/anchor.fm\\\/s\\\/789a5164\\\/podcast\\\/play\\\/55474526\\\/https%3A%2F%2Fd3ctxlq1ktw2nl.cloudfront.net%2Fstaging%2F2022-6-29%2F278568852-44100-2-e41bb3407fc9e.m4a&quot;,&quot;featured&quot;:&quot;https:\\\/\\\/d3t3ozftmdmh3i.cloudfront.net\\\/production\\\/podcast_uploaded\\\/20133793\\\/20133793-1639258853462-bb6e74a2cdaac.jpg&quot;,&quot;featured_id&quot;:0,&quot;mediatype&quot;:&quot;audio&quot;,&quot;season&quot;:2,&quot;categories&quot;:[],&quot;duration&quot;:&quot;01:18:40&quot;,&quot;episodetype&quot;:&quot;full&quot;,&quot;timestamp&quot;:1659103040,&quot;key&quot;:&quot;8513131ae755c1f53cc0a1e38d5e20fe&quot;,&quot;fset&quot;:&quot;&quot;,&quot;fratio&quot;:1},&quot;ppe-7569-4&quot;:{&quot;title&quot;:&quot;La Pr\\u00e9vention des Risques Professionnels&quot;,&quot;description&quot;:&quot;&lt;p&gt;&lt;strong&gt;Ce webinaire s\\u2019est tenu le 31 mars 2022, de 12h30 \\u00e0 14h, avec:&lt;\\\/strong&gt;&lt;\\\/p&gt;\\n&lt;ul&gt;\\n&lt;li&gt;&lt;strong&gt;Isabelle Gambu &amp; Laurent Munier&lt;\\\/strong&gt; \\u2013 &lt;a href=\\&quot;http:\\\/\\\/www.aist21.com\\\/AIST21\\&quot; rel=\\&quot;noopener noreferrer nofollow\\&quot; target=\\&quot;_blank\\&quot;&gt;&lt;strong&gt;Aist 21&lt;\\\/strong&gt;&lt;\\\/a&gt;&lt;\\\/li&gt;\\n&lt;li&gt;&lt;strong&gt;Cl\\u00e9ment Orset&lt;\\\/strong&gt; \\u2013 Consultant CSE \\u2013 Cabinet EXOCE&lt;\\\/li&gt;\\n&lt;li&gt;&lt;strong&gt;Jean-Baptiste Gavignet&lt;\\\/strong&gt; \\u2013 Avocat&lt;\\\/li&gt;\\n&lt;li&gt;&lt;strong&gt;Nadia Sro&lt;\\\/strong&gt; \\u2013 Psychologue&lt;\\\/li&gt;\\n&lt;\\\/ul&gt;\\n&lt;p&gt;&lt;\\\/p&gt;\\n&lt;p&gt;Les diff\\u00e9rents temps de ce podcast :&lt;\\\/p&gt;\\n&lt;ul&gt;\\n&lt;li&gt;00:00:00 &#8211; Introduction&lt;\\\/li&gt;\\n&lt;li&gt;00:00:42 &#8211; Aist 21 &#8211; Pr\\u00e9sentation de la Pr\\u00e9vention des Risques Professionnels et l&rsquo;action de la M\\u00e9decine du Travail&lt;\\\/li&gt;\\n&lt;li&gt;00:20:58 &#8211; Aist 21 &#8211; Questions\\\/R\\u00e9ponses&lt;\\\/li&gt;\\n&lt;li&gt;00:37:51 &#8211; Me Jean-Baptiste Gavignet &#8211; La Pr\\u00e9vention des Risques Professionnels &#8211; Les fondements juridiques et les aspects pratiques&lt;\\\/li&gt;\\n&lt;li&gt;01:00:01 &#8211; Me Jean-Baptiste Gavignet &#8211; Questions\\\/R\\u00e9ponses&lt;\\\/li&gt;\\n&lt;li&gt;01:03:03 &#8211; Nadia Sro &#8211; Les Risques Psychosociaux&lt;\\\/li&gt;\\n&lt;li&gt;01:20:45 &#8211; Cabinet EXOCE &#8211; Cl\\u00e9ment Orset &#8211; La Pr\\u00e9vention des Risques Professionnels &amp; le CSE&lt;\\\/li&gt;\\n&lt;li&gt;01:36:06 &#8211; Cabinet EXOCE &#8211; Cl\\u00e9ment Orset &#8211; Questions\\\/R\\u00e9ponses&lt;\\\/li&gt;\\n&lt;li&gt;01:51:42 &#8211; Musique &#8211; Jabaswing &#8211; Faut travailler&lt;\\\/li&gt;\\n&lt;\\\/ul&gt;\\n&lt;p&gt;Ressources audio utilis\\u00e9s dans ce podcast :&lt;\\\/p&gt;\\n&lt;ul&gt;\\n&lt;li&gt;AudioSphere &#8211; Inspiring Corporate Ideas&lt;\\\/li&gt;\\n&lt;li&gt;AudioSphere &#8211; Hip-Hop This&lt;\\\/li&gt;\\n&lt;li&gt;AudioSphere &#8211; Fun Jazz&lt;\\\/li&gt;\\n&lt;li&gt;Nick Gordy &#8211; Groovy Jazz Funk&lt;\\\/li&gt;\\n&lt;\\\/ul&gt;\\n&quot;,&quot;author&quot;:&quot;UNIS-METIS&quot;,&quot;date&quot;:&quot;20\\\/04\\\/2022&quot;,&quot;link&quot;:&quot;https:\\\/\\\/podcasters.spotify.com\\\/pod\\\/show\\\/unis-metis\\\/episodes\\\/La-Prvention-des-Risques-Professionnels-e1hdem6&quot;,&quot;src&quot;:&quot;https:\\\/\\\/anchor.fm\\\/s\\\/789a5164\\\/podcast\\\/play\\\/50821254\\\/https%3A%2F%2Fd3ctxlq1ktw2nl.cloudfront.net%2Fproduction%2F2022-3-20%2F260624436-32000-2-1320a17f2ae0d.mp3&quot;,&quot;featured&quot;:&quot;https:\\\/\\\/d3t3ozftmdmh3i.cloudfront.net\\\/production\\\/podcast_uploaded400\\\/20133793\\\/20133793-1639258855280-ac6a177603eb7.jpg&quot;,&quot;featured_id&quot;:0,&quot;mediatype&quot;:&quot;audio&quot;,&quot;season&quot;:2,&quot;categories&quot;:[],&quot;duration&quot;:&quot;01:55:13&quot;,&quot;episodetype&quot;:&quot;full&quot;,&quot;timestamp&quot;:1650423137,&quot;key&quot;:&quot;e25bf6962cf12be19a17bb1c725e3806&quot;,&quot;fset&quot;:&quot;&quot;,&quot;fratio&quot;:1},&quot;ppe-7569-5&quot;:{&quot;title&quot;:&quot;Dessine Ton Taf! (Trailer)&quot;,&quot;description&quot;:&quot;&quot;,&quot;author&quot;:&quot;UNIS-METIS&quot;,&quot;date&quot;:&quot;06\\\/01\\\/2022&quot;,&quot;link&quot;:&quot;https:\\\/\\\/podcasters.spotify.com\\\/pod\\\/show\\\/unis-metis\\\/episodes\\\/ep-e1cjmvc&quot;,&quot;src&quot;:&quot;https:\\\/\\\/anchor.fm\\\/s\\\/789a5164\\\/podcast\\\/play\\\/45783468\\\/https%3A%2F%2Fd3ctxlq1ktw2nl.cloudfront.net%2Fstaging%2F2022-0-6%2F241091888-44100-2-613da5ef14e82.m4a&quot;,&quot;featured&quot;:&quot;https:\\\/\\\/d3t3ozftmdmh3i.cloudfront.net\\\/production\\\/podcast_uploaded\\\/20133793\\\/20133793-1639258853462-bb6e74a2cdaac.jpg&quot;,&quot;featured_id&quot;:0,&quot;mediatype&quot;:&quot;audio&quot;,&quot;season&quot;:0,&quot;categories&quot;:[],&quot;duration&quot;:&quot;00:39&quot;,&quot;episodetype&quot;:&quot;trailer&quot;,&quot;timestamp&quot;:1641500789,&quot;key&quot;:&quot;c5220e3279eec85f851d5b96df093338&quot;,&quot;fset&quot;:&quot;&quot;,&quot;fratio&quot;:1},&quot;ppe-7569-6&quot;:{&quot;title&quot;:&quot;La Qualit\\u00e9 de Vie au Travail (QVT)&quot;,&quot;description&quot;:&quot;&lt;p&gt;Dans cet \\u00e9pisode, nous recevons l&rsquo;Aract Bourgogne-Franche-Comt\\u00e9 et nous traitons de la Qualit\\u00e9 de VIe au travail.&lt;\\\/p&gt;\\n&lt;p&gt;Au programme:&lt;\\\/p&gt;\\n&lt;h3&gt;&lt;strong&gt;C\\u00e9line Roussel (Charg\\u00e9e de mission &#8211; Aract BFC)&lt;\\\/strong&gt;&lt;\\\/h3&gt;\\n&lt;ul&gt;\\n&lt;li&gt;Pr\\u00e9sentation de l\\u2019Aract&lt;\\\/li&gt;\\n&lt;li&gt;Contexte d\\u2019\\u00e9mergence de la QVT (notamment ANI de 2013)&lt;\\\/li&gt;\\n&lt;li&gt;D\\u00e9finition de la QVT (mod\\u00e8le r\\u00e9seau Anact)&lt;\\\/li&gt;\\n&lt;li&gt;Enjeux.\\\/ pourquoi agir sur la QVT dans le contexte actuel (cf crise sanitaire et nouvelles attentes des salari\\u00e9s notamment)&lt;\\\/li&gt;\\n&lt;li&gt;Pr\\u00e9sentation&nbsp; des modalit\\u00e9s d\\u2019appui de l\\u2019Aract sur le champ de la QVT&lt;\\\/li&gt;\\n&lt;\\\/ul&gt;\\n&lt;h3&gt;&lt;strong&gt;Me Myriam Si Hassen (Avocate &#8211; SCP Gavignet &amp; Associ\\u00e9s)&lt;\\\/strong&gt;&lt;\\\/h3&gt;\\n&lt;ul&gt;\\n&lt;li&gt;Pr\\u00e9sentation de la question juridique&lt;\\\/li&gt;\\n&lt;li&gt;D\\u00e9veloppement sur les obligations de l\\u2019employeur sur lesquelles reposent l\\u2019id\\u00e9e d\\u2019une am\\u00e9lioration de la qualit\\u00e9 de vie au travail&lt;\\\/li&gt;\\n&lt;li&gt;Quel sont, en pratique, le r\\u00f4le et les moyens d\\u2019action de la m\\u00e9decine du travail ?&lt;\\\/li&gt;\\n&lt;li&gt;D\\u00e9veloppement sur la notion d\\u2019\\u00e9quilibre entre vie priv\\u00e9e et vie professionnelle et les fondements juridiques qui y participent&lt;\\\/li&gt;\\n&lt;li&gt;D\\u00e9veloppement sur les formes que prennent (ou que pourraient prendre) le contentieux n\\u00e9 d\\u2019un d\\u00e9faut de qualit\\u00e9 de vie au travail&lt;\\\/li&gt;\\n&lt;\\\/ul&gt;\\n&lt;h3&gt;&lt;strong&gt;Nadia Sro (Psychologue)&lt;\\\/strong&gt;&lt;\\\/h3&gt;\\n&lt;ul&gt;\\n&lt;li&gt;Quels enjeux pour les individus?&lt;\\\/li&gt;\\n&lt;li&gt;Comment se manifeste, individuellement et collectivement, une QVT insatisfaisante ?&lt;\\\/li&gt;\\n&lt;li&gt;Quelles prises en charge sont possibles, individuellement ? \\u00c0 quels moments il est souhaitable de pouvoir les mettre en place ?&lt;\\\/li&gt;\\n&lt;\\\/ul&gt;\\n&lt;h3&gt;&lt;strong&gt;Arnaud Farizon (Cabinet EXOCE &#8211; Expertise comptable pour CSE)&lt;\\\/strong&gt;&lt;\\\/h3&gt;\\n&lt;ul&gt;\\n&lt;li&gt;Pr\\u00e9sentation de l\\u2019exp\\u00e9rience et de l\\u2019analyse du cabinet avec les CSE (et pr\\u00e9c\\u00e9demment les CE ou CHSCT) qu\\u2019il accompagne, sur le sujet de la QVT&lt;\\\/li&gt;\\n&lt;li&gt;Le r\\u00f4le et les moyens d\\u2019action du CSE et des OS, sur le sujet. Comment et quand le salari\\u00e9 peut interagir et mobiliser ses instances, sur le sujet?&lt;\\\/li&gt;\\n&lt;\\\/ul&gt;\\n&lt;p&gt;&lt;\\\/p&gt;\\n&lt;p&gt;&lt;a href=\\&quot;https:\\\/\\\/unis-metis.fr\\\/archives\\\/726\\&quot; target=\\&quot;_blank\\&quot;&gt;https:\\\/\\\/unis-metis.fr\\\/archives\\\/726&lt;\\\/a&gt;&lt;\\\/p&gt;\\n&lt;p&gt;&#8212;&lt;\\\/p&gt;\\n&lt;p&gt;Attributions (musiques et fonds utilis\\u00e9s) : Nick Gordy &#8211; Groovy Jazz Funk, Audiosph\\u00e8re &#8211; Fun Jazz Full Track, Audiosph\\u00e8re &#8211; Hip Hop This, Audiosph\\u00e8re &#8211; Inspiring Corporate Ideas, Les Joyeux Calvaires &nbsp;&#8211; Dimanche, je travaille (live)&lt;\\\/p&gt;\\n&quot;,&quot;author&quot;:&quot;UNIS-METIS&quot;,&quot;date&quot;:&quot;17\\\/12\\\/2021&quot;,&quot;link&quot;:&quot;https:\\\/\\\/podcasters.spotify.com\\\/pod\\\/show\\\/unis-metis\\\/episodes\\\/La-Qualit-de-Vie-au-Travail-QVT-e1c8o1u&quot;,&quot;src&quot;:&quot;https:\\\/\\\/anchor.fm\\\/s\\\/789a5164\\\/podcast\\\/play\\\/45424126\\\/https%3A%2F%2Fd3ctxlq1ktw2nl.cloudfront.net%2Fproduction%2Fexports%2F789a5164%2F45424126%2F9a86c9f24e7e5a827f950536374bfbc4.m4a&quot;,&quot;featured&quot;:&quot;https:\\\/\\\/d3t3ozftmdmh3i.cloudfront.net\\\/production\\\/podcast_uploaded400\\\/20133793\\\/20133793-1639258855280-ac6a177603eb7.jpg&quot;,&quot;featured_id&quot;:0,&quot;mediatype&quot;:&quot;audio&quot;,&quot;season&quot;:1,&quot;categories&quot;:[],&quot;duration&quot;:&quot;01:26:30&quot;,&quot;episodetype&quot;:&quot;full&quot;,&quot;timestamp&quot;:1639753200,&quot;key&quot;:&quot;9c3686fe3317e17f44d572df61ef2e3d&quot;,&quot;fset&quot;:&quot;&quot;,&quot;fratio&quot;:1},&quot;ppe-7569-7&quot;:{&quot;title&quot;:&quot;Les dispositifs de financement de la transition professionnelle&quot;,&quot;description&quot;:&quot;&lt;p&gt;Les outils de la transition professionnelle &amp; le droit \\u00e0 la carri\\u00e8re Projet de transition professionnelle, Pro-A, d\\u00e9mission-reconversion, compte personnel de formation, plan de d\\u00e9veloppement des comp\\u00e9tences, CSP, le droit \\u00e0 la carri\\u00e8re, le r\\u00f4le du CSE&#8230;&lt;\\\/p&gt;\\n&lt;p&gt;&lt;\\\/p&gt;\\n&lt;p&gt;Intervenants :&nbsp; Monique FLEURY (Cibc Bourgogne Sud &#8211; R\\u00e9seau EVA Bourgogne-Franche-Comt\\u00e9), Me Myriam Si Hassen (avocate \\u2013 SCP Gavignet &amp; Associ\\u00e9s), Arnaud FARIZON (Cabinet EXOCE)&lt;\\\/p&gt;\\n&lt;p&gt;&lt;\\\/p&gt;\\n&lt;p&gt;Webinaire du 29\\\/11\\\/2021 &#8211; &lt;a href=\\&quot;https:\\\/\\\/unis-metis.fr\\\/archives\\\/743\\&quot; target=\\&quot;_blank\\&quot;&gt;https:\\\/\\\/unis-metis.fr\\\/archives\\\/743&lt;\\\/a&gt;&lt;\\\/p&gt;\\n&lt;p&gt;&#8212;&lt;\\\/p&gt;\\n&lt;p&gt;Attributions (musiques et &nbsp;fonds utilis\\u00e9s) : Audiosph\\u00e8re &#8211; Fun Jazz &nbsp;Full Track, Audiosph\\u00e8re &#8211; Hip Hop This, Audiosph\\u00e8re &#8211; Inspiring &nbsp;Corporate Ideas, Les Joyeux Calvaires &nbsp;&#8211; Dimanche, je travaille (live)&lt;\\\/p&gt;\\n&quot;,&quot;author&quot;:&quot;UNIS-METIS&quot;,&quot;date&quot;:&quot;29\\\/11\\\/2021&quot;,&quot;link&quot;:&quot;https:\\\/\\\/podcasters.spotify.com\\\/pod\\\/show\\\/unis-metis\\\/episodes\\\/Les-dispositifs-de-financement-de-la-transition-professionnelle-e1c8j6d&quot;,&quot;src&quot;:&quot;https:\\\/\\\/anchor.fm\\\/s\\\/789a5164\\\/podcast\\\/play\\\/45419149\\\/https%3A%2F%2Fd3ctxlq1ktw2nl.cloudfront.net%2Fproduction%2F2021-11-16%2F237936912-32000-2-e8f997d795235.mp3&quot;,&quot;featured&quot;:&quot;https:\\\/\\\/d3t3ozftmdmh3i.cloudfront.net\\\/production\\\/podcast_uploaded400\\\/20133793\\\/20133793-1639258855280-ac6a177603eb7.jpg&quot;,&quot;featured_id&quot;:0,&quot;mediatype&quot;:&quot;audio&quot;,&quot;season&quot;:1,&quot;categories&quot;:[],&quot;duration&quot;:&quot;01:20:58&quot;,&quot;episodetype&quot;:&quot;full&quot;,&quot;timestamp&quot;:1638226800,&quot;key&quot;:&quot;7b91d6bbbca47d3ba6377de4ae91c968&quot;,&quot;fset&quot;:&quot;&quot;,&quot;fratio&quot;:1},&quot;ppe-7569-8&quot;:{&quot;title&quot;:&quot;Le Conseil en \\u00c9volution Professionnelle (CEP)&quot;,&quot;description&quot;:&quot;&lt;p&gt;Monique Fleury (Cibc &#8211; R\\u00e9seau EVA Bourgogne Franche-Comt\\u00e9), Jean-Baptiste Gavignet (Avocat) et Nadia Sro (Psychologue clinicienne &amp; du travail) sont les invit\\u00e9s de l&rsquo;UNIS-METIS, dans cet \\u00e9pisode consacr\\u00e9 \\u00e0 l\\u2019\\u00e9volution professionnelle.&lt;\\\/p&gt;\\n&lt;p&gt;&lt;\\\/p&gt;\\n&lt;p&gt;Webinaire de &nbsp;l&rsquo;UNIS-METIS enregistr\\u00e9 le 04 novembre 2021.&lt;\\\/p&gt;\\n&lt;p&gt;&lt;\\\/p&gt;\\n&lt;p&gt;&lt;a href=\\&quot;https:\\\/\\\/unis-metis.fr\\\/archives\\\/736\\&quot; target=\\&quot;_blank\\&quot;&gt;https:\\\/\\\/unis-metis.fr\\\/archives\\\/736&lt;\\\/a&gt;&lt;\\\/p&gt;\\n&lt;p&gt;&#8212;&lt;\\\/p&gt;\\n&lt;p&gt;Attributions (musiques et fonds utilis\\u00e9s) : Audiosph\\u00e8re &#8211; Fun Jazz Full Track, Audiosph\\u00e8re &#8211; Hip Hop This, Audiosph\\u00e8re &#8211; Inspiring Corporate Ideas, Jabaswing &#8211; Travailler&lt;\\\/p&gt;\\n&quot;,&quot;author&quot;:&quot;UNIS-METIS&quot;,&quot;date&quot;:&quot;04\\\/11\\\/2021&quot;,&quot;link&quot;:&quot;https:\\\/\\\/podcasters.spotify.com\\\/pod\\\/show\\\/unis-metis\\\/episodes\\\/Le-Conseil-en-volution-Professionnelle-CEP-e1c8n73&quot;,&quot;src&quot;:&quot;https:\\\/\\\/anchor.fm\\\/s\\\/789a5164\\\/podcast\\\/play\\\/45423267\\\/https%3A%2F%2Fd3ctxlq1ktw2nl.cloudfront.net%2Fstaging%2F2021-11-28%2F3e58927e-6eff-1e3f-8a9d-8f2f79960f15.mp3&quot;,&quot;featured&quot;:&quot;https:\\\/\\\/d3t3ozftmdmh3i.cloudfront.net\\\/production\\\/podcast_uploaded400\\\/20133793\\\/20133793-1639258855280-ac6a177603eb7.jpg&quot;,&quot;featured_id&quot;:0,&quot;mediatype&quot;:&quot;audio&quot;,&quot;season&quot;:1,&quot;categories&quot;:[],&quot;duration&quot;:&quot;01:19:28&quot;,&quot;episodetype&quot;:&quot;full&quot;,&quot;timestamp&quot;:1636038000,&quot;key&quot;:&quot;b6d558336579c886b7898297bf80a759&quot;,&quot;fset&quot;:&quot;&quot;,&quot;fratio&quot;:1},&quot;load_info&quot;:{&quot;loaded&quot;:8,&quot;displayed&quot;:10,&quot;offset&quot;:0,&quot;maxItems&quot;:8,&quot;src&quot;:&quot;c431a59156e9fa13822b1c3467741875&quot;,&quot;step&quot;:10,&quot;sortby&quot;:&quot;sort_date_desc&quot;,&quot;filterby&quot;:&quot;&quot;,&quot;fixed&quot;:&quot;&quot;,&quot;args&quot;:{&quot;imgurl&quot;:&quot;https:\\\/\\\/d3t3ozftmdmh3i.cloudfront.net\\\/production\\\/podcast_uploaded\\\/20133793\\\/20133793-1639258853462-bb6e74a2cdaac.jpg&quot;,&quot;imgset&quot;:&quot;&quot;,&quot;display&quot;:&quot;&quot;,&quot;hddesc&quot;:0,&quot;hdfeat&quot;:0,&quot;oricov&quot;:&quot;https:\\\/\\\/d3t3ozftmdmh3i.cloudfront.net\\\/production\\\/podcast_uploaded\\\/20133793\\\/20133793-1639258853462-bb6e74a2cdaac.jpg&quot;,&quot;elength&quot;:18,&quot;episodes&quot;:&quot;&quot;,&quot;slist&quot;:[0],&quot;elist&quot;:[&quot;&quot;],&quot;catlist&quot;:[&quot;&quot;],&quot;gridcol&quot;:3}},&quot;rdata&quot;:{&quot;permalink&quot;:&quot;https:\\\/\\\/unis-metis.fr&quot;,&quot;fprint&quot;:&quot;c431a59156e9fa13822b1c3467741875&quot;,&quot;from&quot;:&quot;feedurl&quot;,&quot;elen&quot;:18,&quot;eunit&quot;:&quot;&quot;,&quot;teaser&quot;:&quot;&quot;,&quot;title&quot;:&quot;Dessine Ton Taf!&quot;,&quot;autoplay&quot;:&quot;&quot;}}\"><div class=\"pp-podcast__wrapper\"><div class=\"pp-podcast__info pod-info\"><div class=\"pod-info__header pod-header\"><div class=\"pod-header__image\"><div class=\"pod-header__image-wrapper\"><img decoding=\"async\" class=\"podcast-cover-image\" src=\"https:\/\/d3t3ozftmdmh3i.cloudfront.net\/production\/podcast_uploaded\/20133793\/20133793-1639258853462-bb6e74a2cdaac.jpg\" srcset=\"\" sizes=\"(max-width: 640px) 100vw, 25vw\" alt=\"Dessine Ton Taf!\"><\/div><span class=\"pod-header__image-style\" style=\"display: block; width: 100%; padding-top: 100%\"><\/div><div class=\"pod-header__items pod-items\"><div class=\"pod-items__title\">Dessine Ton Taf!<\/div><div class=\"pod-items__desc\"><p>Chaque mois, d\u00e9couvre les pr\u00e9sentations et les analyses de nos intervenants, dans le cadre du programme de \u00ab\u00a0Dessine Ton Taf\u00a0\u00bb, sur des sujets cl\u00e9s li\u00e9s au travail:<br \/>\n&#8211; Associations<br \/>\n&#8211; Experts<br \/>\n&#8211; Juristes<br \/>\n&#8211; Syndicalistes<\/p>\n<p>Chaque \u00e9pisode propose plusieurs angles de vue pour la th\u00e9matique trait\u00e9e. Le tout compl\u00e9t\u00e9 des questions des participants aux intervenants.<\/p>\n<p>Il est question de droit du travail, des droits au travail et de leurs \u00e9volutions selon celles de la soci\u00e9t\u00e9, dans sa relation au travail.<\/p>\n<p>Des podcasts et des webinaires \u00e0 ne pas manquer! RDV sur https:\/\/unis-metis.fr\/<\/p>\n<p>Solidaires UNIS-METIS<\/p>\n<\/div><\/div><\/div><\/div><div class=\"pp-podcast__content pod-content\"><div class=\"pp-podcast__single\"><div class=\"pp-podcast__player\"><div class=\"pp-player-episode\"><audio id=\"pp-podcast-7569-player\" preload=\"none\" class=\"pp-podcast-episode\" style=\"width: 100%;\" controls=\"controls\"><source type=\"audio\/mpeg\" src=\"https:\/\/anchor.fm\/s\/789a5164\/podcast\/play\/64604985\/https%3A%2F%2Fd3ctxlq1ktw2nl.cloudfront.net%2Fstaging%2F2023-1-6%2F311362134-44100-2-226b7ba5734e1.m4a\" \/><\/audio><\/div><\/div><div class=\"pod-content__episode episode-single\"><button class=\"episode-single__close\" aria-expanded=\"false\" aria-label=\"Close Single Episode\"><span class=\"btn-icon-wrap\"><svg class=\"icon icon-pp-x\" aria-hidden=\"true\" role=\"img\" focusable=\"false\"><use href=\"#icon-pp-x\" xlink:href=\"#icon-pp-x\"><\/use><\/svg><\/span><\/button><div class=\"episode-single__wrapper\"><div class=\"episode-single__header\"><div class=\"episode-single__title\">Les Libert\u00e9s fondamentales en entreprise<\/div><div class=\"episode-single__author\"><span class=\"byname\">by<\/span><span class=\"single-author\">UNIS-METIS<\/span><\/div><\/div><div class=\"episode-single__description\"><p><strong>D\u00e9couvre notre podcast sur les Libert\u00e9s fondamentales dans l\u2019entreprise, issu du webinaire, Dessine Ton Taf, du 20 octobre 2022, avec:<\/strong><\/p><ul><li><a href=\"https:\/\/lise-cnrs.cnam.fr\/le-laboratoire\/les-membres-du-lise\/michel-mine-625215.kjsp\" rel=\"noreferrer noopener\" target=\"_blank\"><strong>Michel Min\u00e9<\/strong><\/a><strong> \u2013 <\/strong><a href=\"https:\/\/www.ldh-france.org\/\" rel=\"noreferrer noopener\" target=\"_blank\"><strong>Ligue des Droits de l\u2019Homme France<\/strong><\/a><\/li><li><strong>Me Jean-Baptiste Gavignet<\/strong> \u2013 Avocat \u2013 SCP Gavignet &amp; Associ\u00e9s<\/li><li><strong>Arnaud Farizon<\/strong> \u2013 Consultant CSE \u2013 Cabinet EXOCE (Cabinet d&rsquo;expert-comptable pour CSE)<\/li><\/ul><p><em>Les libert\u00e9s dans l\u2019entreprise, le principe de la &nbsp;proportionnalit\u00e9 et ses limites, le r\u00f4le du D\u00e9fenseur des Droits, &nbsp;l\u2019action de LDH France en la mati\u00e8re, le r\u00f4le du CSE (notamment le droit &nbsp;d\u2019alerte), l\u2019importance de la libert\u00e9 d\u2019expression (quelles sont ses &nbsp;limites objectives?), le Droit de Gr\u00e8ve\u2026 Quelles libert\u00e9s informatiques &nbsp;face aux diff\u00e9rents fichiers de l\u2019entreprise? Comment exercer ses droits &nbsp;sur les informations personnelles d\u00e9tenues par l\u2019entreprise au travail ? &nbsp;Comment saisir la CNIL ?<\/em><\/p><p>Viens en apprendre plus sur le sujet, pour mieux faire vivre tes droits au quotidien et &nbsp;contribuer \u00e0 l\u2019action autour de toi.<\/p><p>&#8212;<\/p><p>Consulte le support de pr\u00e9sentation de la Ligue des Droits de l&rsquo;Homme, ici: https:\/\/unis-metis.fr\/archives\/1726<\/p><p>Consulte le support de pr\u00e9sentation du Cabinet EXOCE (expert-comptable pour CSE), ici: https:\/\/unis-metis.fr\/archives\/1740<\/p><p>&#8212;<\/p><p>Chronologie de l&rsquo;\u00e9pisode :<\/p><ul><li>00:00:00 &#8211; G\u00e9n\u00e9rique<\/li><li>00:00:55 &#8211; Intervention de Michel Min\u00e9 (Ligue des Droits de l&rsquo;Homme)<\/li><li>00:28:10 &#8211; Questions &#8211; R\u00e9ponses<\/li><li>00:37:24 &#8211; Intervention de Cl\u00e9ment ORSET (Cabinet EXOCE &#8211; Expert-comptable pour CSE)<\/li><li>00:51:12 &#8211; Questions &#8211; R\u00e9ponses<\/li><li>00:56:29 &#8211; Intervention de Me Jean-Baptiste Gavignet (SCP Gavignet &amp; Associ\u00e9s &#8211; Avocat en droit du travail)<\/li><li>01:23:53 &#8211; Questions &#8211; R\u00e9ponses<\/li><li>01:33:20 &#8211; Jabaswing &#8211; Faut Travailler (musique)<\/li><\/ul><p>&#8212;<\/p><p>Les ressources audio suivantes sont utilis\u00e9es dans ce podcast :<\/p><ul><li>AudioSphere &#8211; Inspiring Corporate Ideas<\/li><li>AudioSphere &#8211; Hip-Hop This<\/li><li>AudioSphere &#8211; Fun Jazz<\/li><li>Nick Gordy &#8211; Groovy Jazz Funk<\/li><li>Jabaswing \u2013 Faut Travailler<\/li><\/ul><p>Ce contenu de UNIS-METIS est mis \u00e0 disposition selon les termes de la &nbsp;&nbsp;licence Creative Commons Attribution &#8211; Partage dans les M\u00eames &nbsp;Conditions &nbsp;4.0 International.Les autorisations au-del\u00e0 du champ de &nbsp;cette licence &nbsp;peuvent \u00eatre obtenues \u00e0 unis.metis@gmail.com.<\/p><\/div><\/div><div class=\"ppjs__img-wrapper \"><div class=\"ppjs__img-btn-cover\"><img decoding=\"async\" class=\"ppjs__img-btn\" src=\"https:\/\/d3t3ozftmdmh3i.cloudfront.net\/production\/podcast_uploaded\/20133793\/20133793-1639258853462-bb6e74a2cdaac.jpg\" srcset=\"\" sizes=\"(max-width: 640px) 100vw, 300px\" alt=\"Les Libert\u00e9s fondamentales en entreprise\"><\/div><div><span class=\"ppjs__img-btn-style\" style=\"display: block; width: 100%; padding-top: 100%\"><\/div><\/div><\/div><\/div><div class=\"pod-content__list episode-list\"><div class=\"episode-list__filters\"><div class=\"episode-list__search\"><label class=\"label-episode-search\"><span class=\"ppjs__offscreen\">Search Episodes<\/span><input type=\"text\" placeholder=\"Search Episodes\" title=\"Search Podcast Episodes\"\/><\/label><span class=\"episode-list__search-icon\"><svg class=\"icon icon-pp-search\" aria-hidden=\"true\" role=\"img\" focusable=\"false\"><use href=\"#icon-pp-search\" xlink:href=\"#icon-pp-search\"><\/use><\/svg><\/span><\/div><div class=\"episode-list__filter-dropdown\"><select class=\"episode-list__filter-select\"><option value=\"\">All<\/option><optgroup data-attr=\"seasons\" label=\"Seasons \"><option value=\"s-2\">Season-2<\/option><option value=\"s-1\">Season-1<\/option><\/optgroup><\/select><\/div><button class=\"episode-list__clear-search pod-button\"><svg class=\"icon icon-pp-x\" aria-hidden=\"true\" role=\"img\" focusable=\"false\"><use href=\"#icon-pp-x\" xlink:href=\"#icon-pp-x\"><\/use><\/svg><span class=\"ppjs__offscreen\">Clear Search<\/span><\/button><\/div><div class=\"episode-list__wrapper\">\n<div id=\"ppe-7569-1\" class=\"episode-list__entry pod-entry\" data-search-term=\"les libert\u00e9s fondamentales en entreprise\" data-cats=\"s-2\">\n\t<div class=\"pod-entry__wrapper\">\n\t\t<div class=\"pod-entry__content\">\n\t\t\t<div class=\"pod-entry__title\">\n\t\t\t\t<a href=\"https:\/\/podcasters.spotify.com\/pod\/show\/unis-metis\/episodes\/Les-Liberts-fondamentales-en-entreprise-e1ui3bp\">Les Libert\u00e9s fondamentales en entreprise<\/a>\n\t\t\t<\/div>\n\t\t\t<div class=\"pod-entry__date\">06\/02\/2023<\/div>\n\t\t\t\t\t\t\t<div class=\"pod-entry__author\">UNIS-METIS<\/div>\n\t\t\t\t\t<\/div>\n\t<\/div>\n<\/div>\n\n<div id=\"ppe-7569-2\" class=\"episode-list__entry pod-entry\" data-search-term=\"l&#8217;emploi et le maintien dans l&#8217;emploi des travailleurs handicap\u00e9s\" data-cats=\"s-2\">\n\t<div class=\"pod-entry__wrapper\">\n\t\t<div class=\"pod-entry__content\">\n\t\t\t<div class=\"pod-entry__title\">\n\t\t\t\t<a href=\"https:\/\/podcasters.spotify.com\/pod\/show\/unis-metis\/episodes\/Lemploi-et-le-maintien-dans-lemploi-des-travailleurs-handicaps-e1ro14m\">L&#8217;emploi et le maintien dans l&#8217;emploi des travailleurs handicap\u00e9s<\/a>\n\t\t\t<\/div>\n\t\t\t<div class=\"pod-entry__date\">04\/12\/2022<\/div>\n\t\t\t\t\t\t\t<div class=\"pod-entry__author\">UNIS-METIS<\/div>\n\t\t\t\t\t<\/div>\n\t<\/div>\n<\/div>\n\n<div id=\"ppe-7569-3\" class=\"episode-list__entry pod-entry\" data-search-term=\"l&rsquo;\u00e9cologie dans l&rsquo;entreprise\" data-cats=\"s-2\">\n\t<div class=\"pod-entry__wrapper\">\n\t\t<div class=\"pod-entry__content\">\n\t\t\t<div class=\"pod-entry__title\">\n\t\t\t\t<a href=\"https:\/\/podcasters.spotify.com\/pod\/show\/unis-metis\/episodes\/Lcologie-dans-lentreprise-e1lresu\">L&rsquo;\u00e9cologie dans l&rsquo;entreprise<\/a>\n\t\t\t<\/div>\n\t\t\t<div class=\"pod-entry__date\">29\/07\/2022<\/div>\n\t\t\t\t\t\t\t<div class=\"pod-entry__author\">UNIS-METIS<\/div>\n\t\t\t\t\t<\/div>\n\t<\/div>\n<\/div>\n\n<div id=\"ppe-7569-4\" class=\"episode-list__entry pod-entry\" data-search-term=\"la pr\u00e9vention des risques professionnels\" data-cats=\"s-2\">\n\t<div class=\"pod-entry__wrapper\">\n\t\t<div class=\"pod-entry__content\">\n\t\t\t<div class=\"pod-entry__title\">\n\t\t\t\t<a href=\"https:\/\/podcasters.spotify.com\/pod\/show\/unis-metis\/episodes\/La-Prvention-des-Risques-Professionnels-e1hdem6\">La Pr\u00e9vention des Risques Professionnels<\/a>\n\t\t\t<\/div>\n\t\t\t<div class=\"pod-entry__date\">20\/04\/2022<\/div>\n\t\t\t\t\t\t\t<div class=\"pod-entry__author\">UNIS-METIS<\/div>\n\t\t\t\t\t<\/div>\n\t<\/div>\n<\/div>\n\n<div id=\"ppe-7569-5\" class=\"episode-list__entry pod-entry\" data-search-term=\"dessine ton taf! (trailer)\" data-cats=\"\">\n\t<div class=\"pod-entry__wrapper\">\n\t\t<div class=\"pod-entry__content\">\n\t\t\t<div class=\"pod-entry__title\">\n\t\t\t\t<a href=\"https:\/\/podcasters.spotify.com\/pod\/show\/unis-metis\/episodes\/ep-e1cjmvc\">Dessine Ton Taf! (Trailer)<\/a>\n\t\t\t<\/div>\n\t\t\t<div class=\"pod-entry__date\">06\/01\/2022<\/div>\n\t\t\t\t\t\t\t<div class=\"pod-entry__author\">UNIS-METIS<\/div>\n\t\t\t\t\t<\/div>\n\t<\/div>\n<\/div>\n\n<div id=\"ppe-7569-6\" class=\"episode-list__entry pod-entry\" data-search-term=\"la qualit\u00e9 de vie au travail (qvt)\" data-cats=\"s-1\">\n\t<div class=\"pod-entry__wrapper\">\n\t\t<div class=\"pod-entry__content\">\n\t\t\t<div class=\"pod-entry__title\">\n\t\t\t\t<a href=\"https:\/\/podcasters.spotify.com\/pod\/show\/unis-metis\/episodes\/La-Qualit-de-Vie-au-Travail-QVT-e1c8o1u\">La Qualit\u00e9 de Vie au Travail (QVT)<\/a>\n\t\t\t<\/div>\n\t\t\t<div class=\"pod-entry__date\">17\/12\/2021<\/div>\n\t\t\t\t\t\t\t<div class=\"pod-entry__author\">UNIS-METIS<\/div>\n\t\t\t\t\t<\/div>\n\t<\/div>\n<\/div>\n\n<div id=\"ppe-7569-7\" class=\"episode-list__entry pod-entry\" data-search-term=\"les dispositifs de financement de la transition professionnelle\" data-cats=\"s-1\">\n\t<div class=\"pod-entry__wrapper\">\n\t\t<div class=\"pod-entry__content\">\n\t\t\t<div class=\"pod-entry__title\">\n\t\t\t\t<a href=\"https:\/\/podcasters.spotify.com\/pod\/show\/unis-metis\/episodes\/Les-dispositifs-de-financement-de-la-transition-professionnelle-e1c8j6d\">Les dispositifs de financement de la transition professionnelle<\/a>\n\t\t\t<\/div>\n\t\t\t<div class=\"pod-entry__date\">29\/11\/2021<\/div>\n\t\t\t\t\t\t\t<div class=\"pod-entry__author\">UNIS-METIS<\/div>\n\t\t\t\t\t<\/div>\n\t<\/div>\n<\/div>\n\n<div id=\"ppe-7569-8\" class=\"episode-list__entry pod-entry\" data-search-term=\"le conseil en \u00c9volution professionnelle (cep)\" data-cats=\"s-1\">\n\t<div class=\"pod-entry__wrapper\">\n\t\t<div class=\"pod-entry__content\">\n\t\t\t<div class=\"pod-entry__title\">\n\t\t\t\t<a href=\"https:\/\/podcasters.spotify.com\/pod\/show\/unis-metis\/episodes\/Le-Conseil-en-volution-Professionnelle-CEP-e1c8n73\">Le Conseil en \u00c9volution Professionnelle (CEP)<\/a>\n\t\t\t<\/div>\n\t\t\t<div class=\"pod-entry__date\">04\/11\/2021<\/div>\n\t\t\t\t\t\t\t<div class=\"pod-entry__author\">UNIS-METIS<\/div>\n\t\t\t\t\t<\/div>\n\t<\/div>\n<\/div>\n<div class=\"episode-list__search-results episode-search\"><span class=\"ppjs__offscreen\">Search Results placeholder<\/span><\/div><\/div><\/div><div class=\"ppjs__list-reveal\"><div class=\"ppjs__button\"><button class=\"pp-prev-btn\"><span class=\"ppjs__offscreen\">Previous Episode<\/span><span class=\"btn-icon-wrap\"><svg class=\"icon icon-pp-previous\" aria-hidden=\"true\" role=\"img\" focusable=\"false\"><use href=\"#icon-pp-previous\" xlink:href=\"#icon-pp-previous\"><\/use><\/svg><\/span><\/button><\/div><div class=\"ppjs__button\"><button class=\"pp-list-btn\"><span class=\"ppjs__offscreen\">Show Episodes List<\/span><span class=\"btn-icon-wrap\"><svg class=\"icon icon-pp-show-list\" aria-hidden=\"true\" role=\"img\" focusable=\"false\"><use href=\"#icon-pp-show-list\" xlink:href=\"#icon-pp-show-list\"><\/use><\/svg><svg class=\"icon icon-pp-hide-list\" aria-hidden=\"true\" role=\"img\" focusable=\"false\"><use href=\"#icon-pp-hide-list\" xlink:href=\"#icon-pp-hide-list\"><\/use><\/svg><\/span><\/button><\/div><div class=\"ppjs__button\"><button class=\"pp-next-btn\"><span class=\"ppjs__offscreen\">Next Episode<\/span><span class=\"btn-icon-wrap\"><svg class=\"icon icon-pp-next\" aria-hidden=\"true\" role=\"img\" focusable=\"false\"><use href=\"#icon-pp-next\" xlink:href=\"#icon-pp-next\"><\/use><\/svg><\/span><\/button><\/div><\/div><\/div><\/div><div class=\"pod-content__launcher pod-launch\"><button class=\"pod-launch__button pod-launch__info pod-button\" aria-expanded=\"false\"><span class=\"ppjs__offscreen\">Show Podcast Information<\/span><span class=\"btn-icon-wrap\"><svg class=\"icon icon-pp-podcast\" aria-hidden=\"true\" role=\"img\" focusable=\"false\"><use href=\"#icon-pp-podcast\" xlink:href=\"#icon-pp-podcast\"><\/use><\/svg><svg class=\"icon icon-pp-x\" aria-hidden=\"true\" role=\"img\" focusable=\"false\"><use href=\"#icon-pp-x\" xlink:href=\"#icon-pp-x\"><\/use><\/svg><\/span><\/button><\/div><\/div>","protected":false},"excerpt":{"rendered":"<p>Participe \u00e0 notre webinaire sur \u00ab\u00a0comment pr\u00e9parer son d\u00e9part \u00e0 la Retraite\u00a0\u00bb, le 24 novembre 2022, de 12h30 \u00e0 14h, avec: Alexandre FLECK-MOHIDINEKHAN &#8211; Charg\u00e9 de Mission &#8211; Carsat BFC Me Jean-Baptiste Gavignet \u2013 Avocat \u2013 SCP Gavignet &amp; Associ\u00e9s Arnaud Farizon &#8211; Consultant CSE &#8211; Cabinet EXOCE D&rsquo;autres intervenants sp\u00e9cialis\u00e9s&#8230; La retraite compl\u00e9mentaire, qu&rsquo;est-ce [&hellip;]<\/p>\n","protected":false},"author":1,"featured_media":1331,"comment_status":"open","ping_status":"open","sticky":false,"template":"","format":"standard","meta":{"footnotes":""},"categories":[5],"tags":[114,113,76,6,22,116,117],"class_list":["post-1329","post","type-post","status-publish","format-standard","has-post-thumbnail","hentry","category-evenements","tag-agirc-arrco","tag-carsat","tag-dessine-ton-taf","tag-evenements","tag-informations","tag-retraite","tag-retraite-complementaire"],"_links":{"self":[{"href":"https:\/\/unis-metis.fr\/index.php?rest_route=\/wp\/v2\/posts\/1329","targetHints":{"allow":["GET"]}}],"collection":[{"href":"https:\/\/unis-metis.fr\/index.php?rest_route=\/wp\/v2\/posts"}],"about":[{"href":"https:\/\/unis-metis.fr\/index.php?rest_route=\/wp\/v2\/types\/post"}],"author":[{"embeddable":true,"href":"https:\/\/unis-metis.fr\/index.php?rest_route=\/wp\/v2\/users\/1"}],"replies":[{"embeddable":true,"href":"https:\/\/unis-metis.fr\/index.php?rest_route=%2Fwp%2Fv2%2Fcomments&post=1329"}],"version-history":[{"count":0,"href":"https:\/\/unis-metis.fr\/index.php?rest_route=\/wp\/v2\/posts\/1329\/revisions"}],"wp:featuredmedia":[{"embeddable":true,"href":"https:\/\/unis-metis.fr\/index.php?rest_route=\/wp\/v2\/media\/1331"}],"wp:attachment":[{"href":"https:\/\/unis-metis.fr\/index.php?rest_route=%2Fwp%2Fv2%2Fmedia&parent=1329"}],"wp:term":[{"taxonomy":"category","embeddable":true,"href":"https:\/\/unis-metis.fr\/index.php?rest_route=%2Fwp%2Fv2%2Fcategories&post=1329"},{"taxonomy":"post_tag","embeddable":true,"href":"https:\/\/unis-metis.fr\/index.php?rest_route=%2Fwp%2Fv2%2Ftags&post=1329"}],"curies":[{"name":"wp","href":"https:\/\/api.w.org\/{rel}","templated":true}]}}