{"id":1730,"date":"2022-06-30T15:52:00","date_gmt":"2022-06-30T13:52:00","guid":{"rendered":"https:\/\/unis-metis.fr\/?p=1730"},"modified":"2023-03-16T15:13:22","modified_gmt":"2023-03-16T14:13:22","slug":"egalite-professionnelle-poursuivons-laction-fete-femme-egalite-emploi-karla-martinez","status":"publish","type":"post","link":"https:\/\/unis-metis.fr\/?p=1730","title":{"rendered":"\u00c9galit\u00e9 professionnelle &#8211; Poursuivons l&rsquo;action! &#8211; FETE &#8211; Femmes \u00c9galit\u00e9 Emploi &#8211; Karla Martinez"},"content":{"rendered":"<div class='booster-block booster-read-block'>\n                <div class=\"twp-read-time\">\n                \t<i class=\"booster-icon twp-clock\"><\/i> <span>Temps de lecture :<\/span>52 Secondes                <\/div>\n\n            <\/div>\n<p><em>Support d\u2019intervention de <strong>Karla Martinez<\/strong>, pour la <strong><a href=\"https:\/\/www.fete-egalite.org\/\" target=\"_blank\" rel=\"noreferrer noopener\">Femmes \u00c9galit\u00e9 Emploi (FETE)<\/a><\/strong>, lors du webinaire \u201cDessine Ton Taf!\u201d du 30 juin 2022, sur <strong>\u201cl&rsquo;\u00e9galit\u00e9 professionnelle et l&rsquo;index salarial\u201d<\/strong>.<\/em><\/p>\n\n\n\n<p><strong>Karla Martinez<\/strong> est revenue, pour nous pr\u00e9senter <strong>Femmes \u00c9galit\u00e9 Emploi (FETE)<\/strong>, l&rsquo;<strong>\u00e9galit\u00e9 professionnelle<\/strong>, l&rsquo;<strong>index de l&rsquo;\u00e9galit\u00e9<\/strong> et l&rsquo;action de <strong>FETE au quotidien<\/strong>.<\/p>\n\n\n\n<p>Un document riche sur un sujet qui nous engage tous afin d&rsquo;agir pour un monde du travail et une soci\u00e9t\u00e9 plus \u00e9galitaires.<\/p>\n\n\n\n<div data-wp-interactive=\"core\/file\" class=\"wp-block-file\"><object data-wp-bind--hidden=\"!state.hasPdfPreview\" hidden class=\"wp-block-file__embed\" data=\"https:\/\/unis-metis.fr\/wp-content\/uploads\/2022\/10\/intervention-Solidaires-21-300622.pdf\" type=\"application\/pdf\" style=\"width:100%;height:600px\" aria-label=\"Contenu embarqu\u00e9 Intervention - FETE - Femmes \u00c9galit\u00e9 Emploi - Karla Martinez - 30 juin 2022.\"><\/object><a id=\"wp-block-file--media-b9e5cd7f-b52a-4cf2-a7b1-3b2917bbbee2\" href=\"https:\/\/unis-metis.fr\/wp-content\/uploads\/2022\/10\/intervention-Solidaires-21-300622.pdf\">Intervention &#8211; FETE &#8211; Femmes \u00c9galit\u00e9 Emploi &#8211; Karla Martinez &#8211; 30 juin 2022<\/a><a href=\"https:\/\/unis-metis.fr\/wp-content\/uploads\/2022\/10\/intervention-Solidaires-21-300622.pdf\" class=\"wp-block-file__button wp-element-button\" download aria-describedby=\"wp-block-file--media-b9e5cd7f-b52a-4cf2-a7b1-3b2917bbbee2\">T\u00e9l\u00e9charger<\/a><\/div>\n\n\n\n<h2 class=\"wp-block-heading\">Pour aller plus loin&#8230;<\/h2>\n\n\n\n<p><a href=\"https:\/\/www.fete-egalite.org\/index.php\/nos-prestations\" target=\"_blank\" rel=\"noreferrer noopener\">D\u00e9couvrez le catalogue de formations de Femmes \u00c9galit\u00e9 Emploi (FETE): R\u00e9f\u00e9rent CSE VSST, principes de pr\u00e9vention, etc&#8230;<\/a><\/p>\n","protected":false},"excerpt":{"rendered":"<p>Support d\u2019intervention de Karla Martinez, pour la Femmes \u00c9galit\u00e9 Emploi (FETE), lors du webinaire \u201cDessine Ton Taf!\u201d du 30 juin 2022, sur \u201cl&rsquo;\u00e9galit\u00e9 professionnelle et l&rsquo;index salarial\u201d. Karla Martinez est revenue, pour nous pr\u00e9senter Femmes \u00c9galit\u00e9 Emploi (FETE), l&rsquo;\u00e9galit\u00e9 professionnelle, l&rsquo;index de l&rsquo;\u00e9galit\u00e9 et l&rsquo;action de FETE au quotidien. Un document riche sur un sujet [&hellip;]<\/p>\n","protected":false},"author":1,"featured_media":1735,"comment_status":"open","ping_status":"open","sticky":false,"template":"","format":"standard","meta":{"footnotes":""},"categories":[8],"tags":[76,104,105],"class_list":["post-1730","post","type-post","status-publish","format-standard","has-post-thumbnail","hentry","category-articles","tag-dessine-ton-taf","tag-egalite-professionnelle","tag-femmes"],"_links":{"self":[{"href":"https:\/\/unis-metis.fr\/index.php?rest_route=\/wp\/v2\/posts\/1730","targetHints":{"allow":["GET"]}}],"collection":[{"href":"https:\/\/unis-metis.fr\/index.php?rest_route=\/wp\/v2\/posts"}],"about":[{"href":"https:\/\/unis-metis.fr\/index.php?rest_route=\/wp\/v2\/types\/post"}],"author":[{"embeddable":true,"href":"https:\/\/unis-metis.fr\/index.php?rest_route=\/wp\/v2\/users\/1"}],"replies":[{"embeddable":true,"href":"https:\/\/unis-metis.fr\/index.php?rest_route=%2Fwp%2Fv2%2Fcomments&post=1730"}],"version-history":[{"count":1,"href":"https:\/\/unis-metis.fr\/index.php?rest_route=\/wp\/v2\/posts\/1730\/revisions"}],"predecessor-version":[{"id":1873,"href":"https:\/\/unis-metis.fr\/index.php?rest_route=\/wp\/v2\/posts\/1730\/revisions\/1873"}],"wp:featuredmedia":[{"embeddable":true,"href":"https:\/\/unis-metis.fr\/index.php?rest_route=\/wp\/v2\/media\/1735"}],"wp:attachment":[{"href":"https:\/\/unis-metis.fr\/index.php?rest_route=%2Fwp%2Fv2%2Fmedia&parent=1730"}],"wp:term":[{"taxonomy":"category","embeddable":true,"href":"https:\/\/unis-metis.fr\/index.php?rest_route=%2Fwp%2Fv2%2Fcategories&post=1730"},{"taxonomy":"post_tag","embeddable":true,"href":"https:\/\/unis-metis.fr\/index.php?rest_route=%2Fwp%2Fv2%2Ftags&post=1730"}],"curies":[{"name":"wp","href":"https:\/\/api.w.org\/{rel}","templated":true}]}}