{"id":194,"date":"2020-03-13T09:22:16","date_gmt":"2020-03-13T09:22:16","guid":{"rendered":"https:\/\/unis-metis.fr\/?p=194"},"modified":"2020-06-29T22:02:07","modified_gmt":"2020-06-29T22:02:07","slug":"informations-sur-le-covid-19","status":"publish","type":"post","link":"https:\/\/unis-metis.fr\/?p=194","title":{"rendered":"Informations sur le COVID-19"},"content":{"rendered":"<div class='booster-block booster-read-block'>\n                <div class=\"twp-read-time\">\n                \t<i class=\"booster-icon twp-clock\"><\/i> <span>Temps de lecture :<\/span>3 Minutes, 28 Secondes                <\/div>\n\n            <\/div><p><strong>Tu trouveras, sur cette page, un ensemble d&rsquo;informations (officielles ou \u00e9dit\u00e9es par nous), pour te permettre de r\u00e9pondre aux principales questions li\u00e9es \u00e0 l&rsquo;\u00e9pid\u00e9mie et \u00e0 ses cons\u00e9quences imm\u00e9diates sur ton travail et ta vie sociale.<\/strong><\/p>\n<p>&nbsp;<\/p>\n<h1>Tu veux d\u00e9couvrir nos enqu\u00eates ?<\/h1>\n<p><strong>Tu peux utiliser, librement, nos donn\u00e9es, que tu sois salari\u00e9-e, partenaire social ou en situation de responsabilit\u00e9 par rapport \u00e0 d&rsquo;autres coll\u00e8gues <\/strong>:<\/p>\n<ul>\n<li><a href=\"https:\/\/unis-metis.fr\/archives\/278\">Covid-19 \u2013 Nos enqu\u00eates<\/a><\/li>\n<\/ul>\n<h1>Tu as besoin d&rsquo;assistance ou de parler \u00e0 quelqu&rsquo;un ?<\/h1>\n<ul>\n<li><a href=\"https:\/\/solidaires.org\/Solidaires-met-en-place-un-numero-vert-d-appui-syndical-et-une-FAQ\" target=\"_blank\" rel=\"noopener noreferrer\">Le Num\u00e9ro Vert de Solidaires permet \u00e0 chaque salari\u00e9 de trouver l&rsquo;assistance dont il a besoin, avec l&rsquo;aide de ses pairs<\/a><\/li>\n<\/ul>\n<h1>Tu souhaites v\u00e9rifier ton \u00e9quipement individuel de protection?<\/h1>\n<ul>\n<li><a href=\"https:\/\/www.entreprises.gouv.fr\/covid-19\/liste-des-tests-masques-de-protection\" target=\"_blank\" rel=\"noopener noreferrer\">DGE &#8211; Covid 19 : Les informations relatives aux masques grand public\u00a0<\/a><\/li>\n<\/ul>\n<h1>Tu souhaites te former?<\/h1>\n<ul>\n<li><a href=\"https:\/\/www.centre-inffo.fr\/coronavirus-covid19\/documents-coronavirus\/coronavirus-les-documents-utiles-concernant-lemploi-et-la-formation\" target=\"_blank\" rel=\"noopener noreferrer\">Centre Info &#8211; Coronavirus : les textes officiels concernant l\u2019emploi, le travail et la formation<\/a><\/li>\n<li><a href=\"https:\/\/travail-emploi.gouv.fr\/emploi\/accompagnement-des-mutations-economiques\/appui-aux-mutations-economiques\/article\/conventions-de-fne-formation\" target=\"_blank\" rel=\"noopener noreferrer\">Conventions de FNE-Formation &#8211; Minist\u00e8re du Travail<\/a><\/li>\n<li><a href=\"https:\/\/www.service-public.fr\/particuliers\/vosdroits\/F14039\" target=\"_blank\" rel=\"noopener noreferrer\">Un salari\u00e9 peut-il r\u00e9clamer une formation \u00e0 son employeur ?<\/a><\/li>\n<li><a href=\"https:\/\/www.cnpg-formation.com\/cnpg\/frais-de-formation-deductibles.php\" target=\"_blank\" rel=\"noopener noreferrer\">Frais de formation d\u00e9ductibles des imp\u00f4ts &#8211; CNPG<\/a><\/li>\n<li><a href=\"https:\/\/www.uniformation.fr\/entreprise\/actualites\" target=\"_blank\" rel=\"noopener noreferrer\">Les actualit\u00e9s de Uniformation<\/a><\/li>\n<\/ul>\n<h1>Ton poste est financ\u00e9 par le FSE?<\/h1>\n<ul>\n<li><a href=\"http:\/\/www.fse.gouv.fr\/fse-mag\/coronavirus-covid-19-les-1ers-elements-de-reponse-de-lautorite-nationale-emploi-et-inclusion-et-de\" target=\"_blank\" rel=\"noopener noreferrer\">Coronavirus COVID-19 : Les 1ers \u00e9l\u00e9ments de r\u00e9ponse de l\u2019autorit\u00e9 nationale \u00ab emploi et inclusion \u00bb et de l\u2019IEJ<\/a><\/li>\n<li><a href=\"http:\/\/www.fse.gouv.fr\/sites\/default\/files\/covid-19_fonds_social_europeen_qr1.pdf\" target=\"_blank\" rel=\"noopener noreferrer\">Questions\/R\u00e9ponses du Minist\u00e8re du Travail sur l&rsquo;impact des mesures d\u2019endiguement de la pand\u00e9mie sur la mise en \u0153uvre des programmes op\u00e9rationnels nationaux et des op\u00e9rations cofinanc\u00e9es par le FSE<\/a><\/li>\n<li><a href=\"http:\/\/idf.direccte.gouv.fr\/sites\/idf.direccte.gouv.fr\/IMG\/pdf\/q-r_no9_du_05-04-2019.pdf\" target=\"_blank\" rel=\"noopener noreferrer\">Questions\/R\u00e9ponses n\u00b09 du 05 avril 2019 &#8211; Minist\u00e8re du Travail<\/a><\/li>\n<\/ul>\n<h1>Tu pr\u00e9sentes des sympt\u00f4mes et tu dois t&rsquo;arr\u00eater?<\/h1>\n<ul>\n<li><a href=\"https:\/\/www.legifrance.gouv.fr\/eli\/decret\/2020\/3\/9\/SSAS2006807D\/jo\/texte\" target=\"_blank\" rel=\"noopener noreferrer\">https:\/\/www.legifrance.gouv.fr\/eli\/decret\/2020\/3\/9\/SSAS2006807D\/jo\/texte<\/a><\/li>\n<li><a href=\"https:\/\/travail-emploi.gouv.fr\/actualites\/presse\/communiques-de-presse\/article\/coronavirus-et-monde-du-travail\" target=\"_blank\" rel=\"noopener noreferrer\">https:\/\/travail-emploi.gouv.fr\/actualites\/presse\/communiques-de-presse\/article\/coronavirus-et-monde-du-travail<\/a><\/li>\n<li><a href=\"https:\/\/www.legifrance.gouv.fr\/affichIDCC.do;jsessionid=32F54088481CB3117568A559C1D6B690.tplgfr23s_2?idSectionTA=KALISCTA000005736806&amp;cidTexte=KALITEXT000005650071&amp;idConvention=KALICONT000005635091\" target=\"_blank\" rel=\"noopener noreferrer\">Article 5.9 CCN Mission Locale &#8211; Cong\u00e9 Maladie<\/a><\/li>\n<\/ul>\n<h1>Tu veux suivre les informations officielles?<\/h1>\n<ul>\n<li><strong><a href=\"https:\/\/drive.google.com\/drive\/folders\/1Y4pp0MlhYRoHibjlIjaPlxvfb6X24Mxb?usp=sharing\" target=\"_blank\" rel=\"noopener noreferrer\">Dossier d&rsquo;information sur les mesures prises par le Gouvernement &#8211; Google Drive (mise en jour quotidiennement)<\/a><\/strong><\/li>\n<li><a href=\"https:\/\/travail-emploi.gouv.fr\/actualites\/l-actualite-du-ministere\/article\/coronavirus-questions-reponses-pour-les-entreprises-et-les-salaries\" target=\"_blank\" rel=\"noopener noreferrer\">Coronavirus : Questions\/r\u00e9ponses pour les entreprises et les salari\u00e9s<\/a><\/li>\n<li><a href=\"https:\/\/www.service-public.fr\/particuliers\/actualites\/A13814\" target=\"_blank\" rel=\"noopener noreferrer\">https:\/\/www.service-public.fr\/particuliers\/actualites\/A13814<\/a><\/li>\n<li><a href=\"https:\/\/www.gouvernement.fr\/info-coronavirus\" target=\"_blank\" rel=\"noopener noreferrer\">https:\/\/www.gouvernement.fr\/info-coronavirus<\/a><\/li>\n<li><a href=\"https:\/\/solidarites-sante.gouv.fr\/soins-et-maladies\/maladies\/maladies-infectieuses\/coronavirus\/coronavirus-questions-reponses\" target=\"_blank\" rel=\"noopener noreferrer\">https:\/\/solidarites-sante.gouv.fr\/soins-et-maladies\/maladies\/maladies-infectieuses\/coronavirus\/coronavirus-questions-reponses<\/a><\/li>\n<li><a href=\"https:\/\/www.who.int\/fr\/emergencies\/diseases\/novel-coronavirus-2019\/advice-for-public\/q-a-coronaviruses\" target=\"_blank\" rel=\"noopener noreferrer\">https:\/\/www.who.int\/fr\/emergencies\/diseases\/novel-coronavirus-2019\/advice-for-public\/q-a-coronaviruses<\/a><\/li>\n<li><a href=\"https:\/\/www.who.int\/fr\/health-topics\/coronavirus\/coronavirus\" target=\"_blank\" rel=\"noopener noreferrer\">https:\/\/www.who.int\/fr\/health-topics\/coronavirus\/coronavirus<\/a><\/li>\n<li><a href=\"https:\/\/www.who.int\/fr\/emergencies\/diseases\/novel-coronavirus-2019\/advice-for-public\" target=\"_blank\" rel=\"noopener noreferrer\">https:\/\/www.who.int\/fr\/emergencies\/diseases\/novel-coronavirus-2019\/advice-for-public<\/a><\/li>\n<\/ul>\n<h1>Tu dois garder tes enfants \u00e0 domicile?<\/h1>\n<ul>\n<li><a href=\"https:\/\/www.service-public.fr\/particuliers\/actualites\/A13890\" target=\"_blank\" rel=\"noopener noreferrer\">https:\/\/www.service-public.fr\/particuliers\/actualites\/A13890<\/a><\/li>\n<\/ul>\n<h1>Tu dois assurer l&rsquo;\u00e9cole \u00e0 domicile pour tes enfants?<\/h1>\n<ul>\n<li><a href=\"https:\/\/www.service-public.fr\/particuliers\/actualites\/A13914\" target=\"_blank\" rel=\"noopener noreferrer\">https:\/\/www.service-public.fr\/particuliers\/actualites\/A13914<\/a><\/li>\n<li><a href=\"https:\/\/www.education.gouv.fr\/bo\/20\/Hebdo10\/MENE2006547C.htm\" target=\"_blank\" rel=\"noopener noreferrer\">https:\/\/www.education.gouv.fr\/bo\/20\/Hebdo10\/MENE2006547C.htm<\/a><\/li>\n<\/ul>\n","protected":false},"excerpt":{"rendered":"<p>Tu trouveras, sur cette page, un ensemble d&rsquo;informations (officielles ou \u00e9dit\u00e9es par nous), pour te permettre de r\u00e9pondre aux principales questions li\u00e9es \u00e0 l&rsquo;\u00e9pid\u00e9mie et \u00e0 ses cons\u00e9quences imm\u00e9diates sur ton travail et ta vie sociale. &nbsp; Tu veux d\u00e9couvrir nos enqu\u00eates ? Tu peux utiliser, librement, nos donn\u00e9es, que tu sois salari\u00e9-e, partenaire social [&hellip;]<\/p>\n","protected":false},"author":1,"featured_media":197,"comment_status":"open","ping_status":"open","sticky":true,"template":"","format":"standard","meta":{"footnotes":""},"categories":[8],"tags":[24,25,23,19,20,27,26,22,21],"class_list":["post-194","post","type-post","status-publish","format-standard","has-post-thumbnail","hentry","category-articles","tag-activite-partielle","tag-arret-pour-garde-denfants","tag-chomage-partiel","tag-coronavirus","tag-enquete","tag-fonds-social-europeen","tag-fse","tag-informations","tag-questions-reponses"],"_links":{"self":[{"href":"https:\/\/unis-metis.fr\/index.php?rest_route=\/wp\/v2\/posts\/194","targetHints":{"allow":["GET"]}}],"collection":[{"href":"https:\/\/unis-metis.fr\/index.php?rest_route=\/wp\/v2\/posts"}],"about":[{"href":"https:\/\/unis-metis.fr\/index.php?rest_route=\/wp\/v2\/types\/post"}],"author":[{"embeddable":true,"href":"https:\/\/unis-metis.fr\/index.php?rest_route=\/wp\/v2\/users\/1"}],"replies":[{"embeddable":true,"href":"https:\/\/unis-metis.fr\/index.php?rest_route=%2Fwp%2Fv2%2Fcomments&post=194"}],"version-history":[{"count":0,"href":"https:\/\/unis-metis.fr\/index.php?rest_route=\/wp\/v2\/posts\/194\/revisions"}],"wp:featuredmedia":[{"embeddable":true,"href":"https:\/\/unis-metis.fr\/index.php?rest_route=\/wp\/v2\/media\/197"}],"wp:attachment":[{"href":"https:\/\/unis-metis.fr\/index.php?rest_route=%2Fwp%2Fv2%2Fmedia&parent=194"}],"wp:term":[{"taxonomy":"category","embeddable":true,"href":"https:\/\/unis-metis.fr\/index.php?rest_route=%2Fwp%2Fv2%2Fcategories&post=194"},{"taxonomy":"post_tag","embeddable":true,"href":"https:\/\/unis-metis.fr\/index.php?rest_route=%2Fwp%2Fv2%2Ftags&post=194"}],"curies":[{"name":"wp","href":"https:\/\/api.w.org\/{rel}","templated":true}]}}