{"id":396,"date":"2020-06-28T01:45:01","date_gmt":"2020-06-28T01:45:01","guid":{"rendered":"https:\/\/unis-metis.fr\/?p=396"},"modified":"2022-01-12T06:04:21","modified_gmt":"2022-01-12T05:04:21","slug":"note-mensuelle-avril-mai-2020-creativ-plie","status":"publish","type":"post","link":"https:\/\/unis-metis.fr\/?p=396","title":{"rendered":"Note mensuelle &#8211; avril &#038; mai 2020 &#8211; CREATIV\u2019\/PLIE"},"content":{"rendered":"<div class='booster-block booster-read-block'>\n                <div class=\"twp-read-time\">\n                \t<i class=\"booster-icon twp-clock\"><\/i> <span>Temps de lecture :<\/span>3 Minutes, 11 Secondes                <\/div>\n\n            <\/div><p>Comme durant toute p\u00e9riode de changements rapides et importants, beaucoup de d\u00e9cisions collectives ont \u00e9t\u00e9 prises par la Direction, en avril et mai 2020 (d\u00e9confinement, reprise, etc). Cependant, ces d\u00e9cisions n&rsquo;ont pas \u00e9t\u00e9 <em>\u00ab\u00a0pr\u00e9c\u00e9d\u00e9es\u00a0\u00bb, le plus souvent,<\/em> du dialogue social permettant d&rsquo;assurer, pr\u00e9alablement, la prise en compte des int\u00e9r\u00eats des salari\u00e9s.<\/p>\n<p>Le message est toujours le m\u00eame qu&rsquo;en temps normal: <em>\u00ab\u00a0on n&rsquo;a pas eu le temps de discuter, il fallait agir vite\u00a0\u00bb<\/em>,<em> \u00ab\u00a0on devait sauver ceci, on devait sauver cela\u00a0\u00bb, \u00ab\u00a0on reste \u00e0 l&rsquo;\u00e9coute des salari\u00e9s qui ne doivent pas h\u00e9siter \u00e0 nous saisir directement\u00a0\u00bb.<\/em><\/p>\n<p>Et ce discours ne date pas d&rsquo;hier. Toutes les directions de la structure ont r\u00e9p\u00e9t\u00e9 la m\u00eame chose \u00e0 tous les repr\u00e9sentants du personnel, depuis 2007: <em>\u00ab\u00a0vous nous faites perdre du temps, ce que vous demandez ne sert \u00e0 rien&#8230; ce qui compte vraiment, c&rsquo;est ce qu&rsquo;on fait nous&#8230; vous devriez plut\u00f4t faire ceci, vous devriez plut\u00f4t faire cela\u00a0\u00bb, \u00ab\u00a0nous invitons les salari\u00e9s \u00e0 favoriser des \u00e9changes directs avec nous\u00a0\u00bb.<br \/>\n<\/em><\/p>\n<p>Or, pour que leurs int\u00e9r\u00eats soient pris en compte dans les d\u00e9cisions de l&#8217;employeur, les salari\u00e9s ont besoin d&rsquo;une expression&nbsp; libre. Celle-ci est garantie soit par la protection de leurs repr\u00e9sentants, soit par la protection relative du <a href=\"https:\/\/unis-metis.fr\/wp-content\/uploads\/2020\/06\/Circulaire_du_minist%C3%A8re_du_Travail_de_lEmploi_et_de_la_Formation_Professionnelle_DRT_n%C2%B0_3__du_4_mars_1986_circulaire_dapplication_de_la_loi_du_3_janvier_1986_relative_%C3%A0_lexpression_des_salari%C3%A9.pdf\">droit d&rsquo;expression directe et collective<\/a>. D&rsquo;apr\u00e8s la <a href=\"https:\/\/www.legifrance.gouv.fr\/affichCode.do?idSectionTA=LEGISCTA000006177942&amp;cidTexte=LEGITEXT000006072050\" target=\"_blank\" rel=\"noopener noreferrer\">loi<\/a>, suppose donc qu&rsquo;elle ne prenne pas la voie hi\u00e9rarchique et qu&rsquo;elle ne se heurte \u00e0 aucune censure ou auto-censure. Chez nous, il existe un accord sur le droit d&rsquo;expression directe et collective, permettant \u00e0 l&rsquo;ensemble du personnel, sur la base de l&rsquo;organigramme, de s&rsquo;exprimer dans le cadre de \u00ab\u00a0forums d&rsquo;expression professionnelle\u00a0\u00bb (FEP).<\/p>\n<p><strong>Les changements que nous vivons n\u00e9cessitent un dialogue riche, fr\u00e9quent, m\u00e9thodique et ouvert. Nous avons agit afin qu&rsquo;il se construise et les salari\u00e9s y ont largement contribu\u00e9, par deux reprises.<\/strong><\/p>\n<p>Les salari\u00e9s se sont, ainsi, exprim\u00e9s massivement, par des voies qui garantissaient leur libre expression. Celle-ci a \u00e9t\u00e9 livr\u00e9e brute, puis analys\u00e9e et comment\u00e9e. Des propositions publiques ont \u00e9t\u00e9 faites. Des r\u00e9clamations aussi. Tout a \u00e9t\u00e9 fait pour porter un dialogue \u00e0 la hauteur des enjeux.<\/p>\n<p><strong>Nous souhaitons qu&rsquo;il soit possible, \u00e0 un moment donn\u00e9, de dialoguer et de respecter l&rsquo;expression des salari\u00e9s, sous toutes ses formes. \u00c0 l&rsquo;heure o\u00f9 cette note est r\u00e9dig\u00e9e, beaucoup trop de questions demeurent sans r\u00e9ponses.<\/strong><\/p>\n<p><a href=\"https:\/\/unis-metis.fr\/la-documentation-des-adherents\">Unis-M\u00e9tis \u2013 La Documentation des Adh\u00e9rents<\/a><\/p>\n","protected":false},"excerpt":{"rendered":"<p>Comme durant toute p\u00e9riode de changements rapides et importants, beaucoup de d\u00e9cisions collectives ont \u00e9t\u00e9 prises par la Direction, en avril et mai 2020 (d\u00e9confinement, reprise, etc). Cependant, ces d\u00e9cisions n&rsquo;ont pas \u00e9t\u00e9 \u00ab\u00a0pr\u00e9c\u00e9d\u00e9es\u00a0\u00bb, le plus souvent, du dialogue social permettant d&rsquo;assurer, pr\u00e9alablement, la prise en compte des int\u00e9r\u00eats des salari\u00e9s. Le message est toujours [&hellip;]<\/p>\n","protected":false},"author":8,"featured_media":1049,"comment_status":"open","ping_status":"open","sticky":false,"template":"","format":"standard","meta":{"footnotes":""},"categories":[28],"tags":[],"class_list":["post-396","post","type-post","status-publish","format-standard","has-post-thumbnail","hentry","category-notes"],"_links":{"self":[{"href":"https:\/\/unis-metis.fr\/index.php?rest_route=\/wp\/v2\/posts\/396","targetHints":{"allow":["GET"]}}],"collection":[{"href":"https:\/\/unis-metis.fr\/index.php?rest_route=\/wp\/v2\/posts"}],"about":[{"href":"https:\/\/unis-metis.fr\/index.php?rest_route=\/wp\/v2\/types\/post"}],"author":[{"embeddable":true,"href":"https:\/\/unis-metis.fr\/index.php?rest_route=\/wp\/v2\/users\/8"}],"replies":[{"embeddable":true,"href":"https:\/\/unis-metis.fr\/index.php?rest_route=%2Fwp%2Fv2%2Fcomments&post=396"}],"version-history":[{"count":0,"href":"https:\/\/unis-metis.fr\/index.php?rest_route=\/wp\/v2\/posts\/396\/revisions"}],"wp:featuredmedia":[{"embeddable":true,"href":"https:\/\/unis-metis.fr\/index.php?rest_route=\/wp\/v2\/media\/1049"}],"wp:attachment":[{"href":"https:\/\/unis-metis.fr\/index.php?rest_route=%2Fwp%2Fv2%2Fmedia&parent=396"}],"wp:term":[{"taxonomy":"category","embeddable":true,"href":"https:\/\/unis-metis.fr\/index.php?rest_route=%2Fwp%2Fv2%2Fcategories&post=396"},{"taxonomy":"post_tag","embeddable":true,"href":"https:\/\/unis-metis.fr\/index.php?rest_route=%2Fwp%2Fv2%2Ftags&post=396"}],"curies":[{"name":"wp","href":"https:\/\/api.w.org\/{rel}","templated":true}]}}