{"id":623,"date":"2021-09-07T01:18:33","date_gmt":"2021-09-06T23:18:33","guid":{"rendered":"https:\/\/unis-metis.fr\/?p=623"},"modified":"2022-05-06T13:10:31","modified_gmt":"2022-05-06T11:10:31","slug":"quelle-est-le-sexe-de-mon-taff","status":"publish","type":"post","link":"https:\/\/unis-metis.fr\/?p=623","title":{"rendered":"Dessine Ton Taf! L&rsquo;\u00c9galit\u00e9 Femmes-Hommes! 30\/09\/2021"},"content":{"rendered":"<div class='booster-block booster-read-block'>\n                <div class=\"twp-read-time\">\n                \t<i class=\"booster-icon twp-clock\"><\/i> <span>Temps de lecture :<\/span>20 Secondes                <\/div>\n\n            <\/div><h2>Th\u00e8me : L&rsquo;\u00c9galit\u00e9 Femmes-Hommes &amp; l&rsquo;index salarial<\/h2>\n<p>Intervenants (liste non-exhausive): Karla Martinez (experte en \u00e9galit\u00e9 &#8211; FETE &#8211; Femmes \u00c9galit\u00e9 Emploi), Me Jean-Baptiste Gavignet (avocat), Nadia SRO (Psychologue clinicienne &amp; Psychologue du travail).<\/p>\n\n\n<p><blockquote class=\"wp-embedded-content\" data-secret=\"fryXmEfnIm\"><a href=\"https:\/\/unis-metis.fr\/archives\/1229\">\u00c9galit\u00e9 professionnelle,  poursuivons l\u2019action &#8211; F\u00e9minin Technique (FETE)<\/a><\/blockquote><iframe loading=\"lazy\" class=\"wp-embedded-content\" sandbox=\"allow-scripts\" security=\"restricted\" style=\"position: absolute; clip: rect(1px, 1px, 1px, 1px);\" title=\"\u00ab\u00a0\u00c9galit\u00e9 professionnelle,  poursuivons l\u2019action &#8211; F\u00e9minin Technique (FETE)\u00a0\u00bb &#8212; La Note\" src=\"https:\/\/unis-metis.fr\/archives\/1229\/embed#?secret=DFiNObWQc9#?secret=fryXmEfnIm\" data-secret=\"fryXmEfnIm\" width=\"600\" height=\"338\" frameborder=\"0\" marginwidth=\"0\" marginheight=\"0\" scrolling=\"no\"><\/iframe><\/p>\n\n\n\n<p><\/p>\n","protected":false},"excerpt":{"rendered":"<p>Th\u00e8me : L&rsquo;\u00c9galit\u00e9 Femmes-Hommes &amp; l&rsquo;index salarial Intervenants (liste non-exhausive): Karla Martinez (experte en \u00e9galit\u00e9 &#8211; FETE &#8211; Femmes \u00c9galit\u00e9 Emploi), Me Jean-Baptiste Gavignet (avocat), Nadia SRO (Psychologue clinicienne &amp; Psychologue du travail). \u00c9galit\u00e9 professionnelle, poursuivons l\u2019action &#8211; F\u00e9minin Technique (FETE)<\/p>\n","protected":false},"author":1,"featured_media":627,"comment_status":"open","ping_status":"open","sticky":false,"template":"","format":"standard","meta":{"footnotes":""},"categories":[5],"tags":[],"class_list":["post-623","post","type-post","status-publish","format-standard","has-post-thumbnail","hentry","category-evenements"],"_links":{"self":[{"href":"https:\/\/unis-metis.fr\/index.php?rest_route=\/wp\/v2\/posts\/623","targetHints":{"allow":["GET"]}}],"collection":[{"href":"https:\/\/unis-metis.fr\/index.php?rest_route=\/wp\/v2\/posts"}],"about":[{"href":"https:\/\/unis-metis.fr\/index.php?rest_route=\/wp\/v2\/types\/post"}],"author":[{"embeddable":true,"href":"https:\/\/unis-metis.fr\/index.php?rest_route=\/wp\/v2\/users\/1"}],"replies":[{"embeddable":true,"href":"https:\/\/unis-metis.fr\/index.php?rest_route=%2Fwp%2Fv2%2Fcomments&post=623"}],"version-history":[{"count":0,"href":"https:\/\/unis-metis.fr\/index.php?rest_route=\/wp\/v2\/posts\/623\/revisions"}],"wp:featuredmedia":[{"embeddable":true,"href":"https:\/\/unis-metis.fr\/index.php?rest_route=\/wp\/v2\/media\/627"}],"wp:attachment":[{"href":"https:\/\/unis-metis.fr\/index.php?rest_route=%2Fwp%2Fv2%2Fmedia&parent=623"}],"wp:term":[{"taxonomy":"category","embeddable":true,"href":"https:\/\/unis-metis.fr\/index.php?rest_route=%2Fwp%2Fv2%2Fcategories&post=623"},{"taxonomy":"post_tag","embeddable":true,"href":"https:\/\/unis-metis.fr\/index.php?rest_route=%2Fwp%2Fv2%2Ftags&post=623"}],"curies":[{"name":"wp","href":"https:\/\/api.w.org\/{rel}","templated":true}]}}