{"id":640,"date":"2021-09-10T21:52:27","date_gmt":"2021-09-10T19:52:27","guid":{"rendered":"https:\/\/unis-metis.fr\/?p=640"},"modified":"2022-01-16T10:08:25","modified_gmt":"2022-01-16T09:08:25","slug":"pour-la-semaine-de-4-jours-maintenant","status":"publish","type":"post","link":"https:\/\/unis-metis.fr\/?p=640","title":{"rendered":"Pour la semaine de 4 jours \u00e0 Cr\u00e9ativ! Maintenant!"},"content":{"rendered":"<div class='booster-block booster-read-block'>\n                <div class=\"twp-read-time\">\n                \t<i class=\"booster-icon twp-clock\"><\/i> <span>Temps de lecture :<\/span>11 Minutes, 43 Secondes                <\/div>\n\n            <\/div><p>Lorsqu&rsquo;on en parle, certain.es r\u00eavent et d&rsquo;autres d\u00e9noncent une utopie. Pourtant, <strong>la semaine de 4 jours est d\u00e9j\u00e0 une r\u00e9alit\u00e9 (et depuis fort longtemps) pour un tr\u00e8s grand nombre de travailleurs \u00e0 temps partiel.<\/strong><\/p>\n<h1>Consid\u00e9rons les faits&#8230;<\/h1>\n<p><strong>C&rsquo;est, en effet, <a href=\"https:\/\/www.insee.fr\/fr\/statistiques\/4501614?sommaire=4504425\">plus d&rsquo;un cinqui\u00e8me des travailleurs<\/a>, y compris dans nos structures, qui sont concern\u00e9s par cette r\u00e9alit\u00e9.<\/strong> Et ce sont, <strong>8 fois sur 10, des femmes<\/strong> qui choisissent (ou subissent) de devoir r\u00e9duire leur temps de travail (et donc leur revenu propre), g\u00e9n\u00e9ralement pour s&rsquo;occuper de la famille.<\/p>\n<blockquote><p><em><strong>\u00ab\u00a0Une double peine!\u00a0\u00bb<\/strong><\/em><\/p><\/blockquote>\n<p>Au-del\u00e0 de certains standards sociaux h\u00e9rit\u00e9s, <strong>c&rsquo;est une double peine, puisque les salari\u00e9es qui sont, le plus souvent, pouss\u00e9s \u00e0 faire le choix du temps partiel sont celles qui ont d\u00e9j\u00e0 le plus faible revenu, afin de limiter la baisse du revenu familial<\/strong>.<\/p>\n<p>Parfois aussi, ce sont des \u00ab\u00a0chef.fes\u00a0\u00bb de famille monoparentale, contraintes de r\u00e9duire volontairement leur temps de travail pour jongler entre vie professionnelle et vie de famille.<\/p>\n<p>Et puis, bien s\u00fbr, il y a encore nombre de partenaires de routier.es, de militaires et autres m\u00e9tiers aux rythmes extraordinaires, qui doivent aussi consentir \u00e0 assumer l&rsquo;activit\u00e9 familiale, quasiment seul.es.<\/p>\n<p>Pour toutes ces personnes, il s&rsquo;agit concr\u00e8tement de caser deux journ\u00e9es de travail dans une seule.<\/p>\n<p>Enfin il y a ceux pour lesquels cela rel\u00e8ve d&rsquo;un choix \u00e9ducatif d\u00e9lib\u00e9r\u00e9 ou d&rsquo;un choix de vie assum\u00e9. Dans tous les cas, il s&rsquo;agit de la recherche d&rsquo;un \u00e9quilibre entre les temps de vie.<\/p>\n<p>En v\u00e9rit\u00e9, la semaine de 4 jours n&rsquo;est donc ni un mythe, ni une utopie, ni un fantasme de feignant.<\/p>\n<blockquote><p><em><strong>\u00ab\u00a0Un am\u00e9nagement n\u00e9cessaire face aux enjeux de notre temps\u00a0\u00bb<\/strong><\/em><\/p><\/blockquote>\n<p>La semaine de 4 jours n&rsquo;est rien d&rsquo;autre que d&rsquo;un simple am\u00e9nagement du temps de travail rendu n\u00e9cessaire, pour nombre de travailleurs charg\u00e9s et qui doivent faire face aux grands enjeux de notre temps.<\/p>\n<p>Ces enjeux qui s&rsquo;imposent dans nos vies, comme celui de r\u00e9duire sensiblement notre empreinte environnementale, sans d\u00e9grader notre qualit\u00e9 de vie, en pr\u00e9servant notre sant\u00e9, tout en assurant nos responsabilit\u00e9s \u00e9ducatives (lesquelles sont les leviers principaux de l&rsquo;ascenseur social g\u00e9n\u00e9rationnel).<\/p>\n<blockquote><p><em><strong>\u00ab\u00a0La semaine de 4 jours est donc un sujet tr\u00e8s s\u00e9rieux.\u00a0\u00bb<\/strong><\/em><\/p><\/blockquote>\n<p><strong>Faut-il alors se r\u00e9signer \u00e0 cette double peine? A toujours faire plus avec moins? A continuer ce jeu perdant-perdant?<\/strong><\/p>\n<h1>Des solutions existent&#8230;<\/h1>\n<p>D\u00e9fendre la semaine de 4 jours, c&rsquo;est:<\/p>\n<ul>\n<li><strong>lib\u00e9rer le travail<\/strong> en offrant \u00e0 chaque travailleur des possibilit\u00e9s <strong>pour maintenir le plus haut niveau d&rsquo;activit\u00e9<\/strong> possible.<\/li>\n<li><strong>permettre aux collaborateurs de choisir, plus que de subir<\/strong> leur temps de travail.<\/li>\n<li><strong>S\u00e9curiser la disponibilit\u00e9 d&rsquo;une main d&rsquo;oeuvre f\u00e9minine tr\u00e8s qualifi\u00e9e<\/strong>, dans des structures compos\u00e9es \u00e0 plus de 75% de femmes, dont la plupart sont parents (grands-parents actifs) ou susceptibles de l&rsquo;\u00eatre.<\/li>\n<li><strong>augmenter le temps travaill\u00e9 dans la structure<\/strong> sans recourir \u00e0 des temps additionnels de travail.<\/li>\n<li><strong>augmenter les revenus globaux et le pouvoir d&rsquo;achat de chacun<\/strong><\/li>\n<li><strong>r\u00e9duire sensiblement l&rsquo;impact environnemental du travail<\/strong> (jusqu&rsquo;\u00e0 20%), sans r\u00e9duire le volume de travail ou de disponibilit\u00e9 des \u00e9quipes.<\/li>\n<li><strong><a href=\"https:\/\/www.inegalites.fr\/Un-tiers-des-personnes-en-temps-partiel-souhaiteraient-travailler-plus?id_mot=103#:~:text=Essentiellement%20des%20femmes.,contre%2022%20%25%20des%20cadres%20sup%C3%A9rieurs.&amp;text=Au%20total%2C%201%2C2%20million,Ces%20donn%C3%A9es%20minimisent%20la%20situation.\" target=\"_blank\" rel=\"noopener\">r\u00e9duire les in\u00e9galit\u00e9s entre les hommes et les femmes<\/a><\/strong> (car ce sont bien elles qui paient le plus lourd tribu)<\/li>\n<li><strong>am\u00e9liorer sensiblement l&rsquo;\u00e9quilibre entre les temps de vie<\/strong> de chacun.e.<\/li>\n<li><strong>am\u00e9liorer la sant\u00e9, la s\u00e9curit\u00e9 et le bien-\u00eatre au travail<\/strong> (r\u00e9duction des accidents de trajet, des risques li\u00e9s \u00e0 l&rsquo;occupation des locaux, des risques d&rsquo;\u00e9puisement professionnel&#8230;<\/li>\n<\/ul>\n<h1>Nos propositions !<\/h1>\n<p><strong>Pour rendre la semaine de quatre jours possible, effective et efficace, pour tous, la cr\u00e9ation de 3 droits sont n\u00e9cessaires.<\/strong><\/p>\n<h2>Droit n\u00b01 &#8211; Le droit d&rsquo;option RTT<\/h2>\n<blockquote><p><strong><em>\u00ab\u00a0opter entre 18 jours de repos ou 46 jours libres par an, \u00e0 travail \u00e9gal\u00a0\u00bb<\/em><\/strong><\/p><\/blockquote>\n<p>Il s&rsquo;agit d&rsquo;<strong>ouvrir et garantir \u00e0 chaque travailleur la possibilit\u00e9 de travailler sans RTT<\/strong> (lorsqu&rsquo;il existe un accord qui augmente le temps de travail hebdomadaire).<\/p>\n<p><strong>En effet avoir des jours de RTT produit une illusion qui conduit le travailleur \u00e0 s&rsquo;estimer, \u00e0 tort, en possession d&rsquo;un droit ou d&rsquo;un avantage, alors qu&rsquo;il n&rsquo;en est rien. C&rsquo;est m\u00eame le contraire.<\/strong><\/p>\n<blockquote><p><em>\u00ab\u00a0D&rsquo;abord, celui qui produit de la RTT ne travaille pas plus que celui qui n&rsquo;en produit pas.\u00a0\u00bb<\/em><\/p><\/blockquote>\n<p>S&rsquo;il travaille 38h, comme \u00e0 Creativ, alors il r\u00e9cup\u00e8re l&rsquo;\u00e9quivalent de 3 heures de repos par semaine. Ces heures sont ensuite regroup\u00e9es en jours, fix\u00e9s \u00e0 18, par convention. Il travaille donc 35h, comme celui qui ne produit pas de RTT.<\/p>\n<p>Une fois que cette logique est admise, chacun comprend qu&rsquo;en augmentant artificiellement le temps de travail hebdomadaire, on pousse m\u00e9caniquement certain.es salari\u00e9.es \u00e0 devoir opter pour le fait de travailler moins. Il est, \u00e9videmment, bien plus difficile de repartir 38h sur 4 jours que sur 5.<\/p>\n<p>D&rsquo;ailleurs, <strong>il vaut mieux laisser certain.es salari\u00e9.es disposer librement de leurs 3 heures suppl\u00e9mentaires par semaine, plut\u00f4t qu&rsquo;ils soient fournis quand l&#8217;employeur l&rsquo;exige (chaque semaine) et r\u00e9cup\u00e9r\u00e9s lorsqu&rsquo;il le consent (il faut son accord).<\/strong><\/p>\n<p>D&rsquo;un autre c\u00f4t\u00e9, une fois l&rsquo;id\u00e9e admise, <strong>c&rsquo;est aussi de l&rsquo;int\u00e9r\u00eat d&rsquo;un employeur que son salari\u00e9 travaille 35h librement am\u00e9nag\u00e9 plut\u00f4t que 30h24<\/strong> (avec, en plus, des jours de repos \u00e0 g\u00e9rer).<\/p>\n<p>D\u00e8s lors, offrir le droit de travailler 35h sans RTT, c&rsquo;est garantir que chacun pourra travailler le plus possible, selon l&rsquo;\u00e9quilibre de vie dont il aura besoin.<\/p>\n<p><strong>Ce droit est aussi essentiel pour am\u00e9nager le temps de travail sur 4 \u00e0 5 jours. En effet, c&rsquo;est la possibilit\u00e9 de renoncer \u00e0 18 jours de RTT pour gagner 46 jours de libre dans l&rsquo;ann\u00e9e, sans perte de salaire, sans perte de temps de travail!<\/strong><\/p>\n<blockquote><p>\u00ab\u00a0<em>Enfin, rappelons que la RTT est un droit (conventionnel) que les salari\u00e9s accordent (gracieusement) \u00e0 leur employeur, de disposer \u00e0 sa convenance d&rsquo;un certain temps de travail, au-del\u00e0 de la dur\u00e9e l\u00e9gale. Ils peuvent le reprendre, \u00e0 tout moment\u00a0\u00bb.<\/em><\/p><\/blockquote>\n<h2>Droit n\u00b02 &#8211; Le droit d&rsquo;option sur le nombre de jours travaill\u00e9s<\/h2>\n<p><strong>Il s&rsquo;agit, ici, d&rsquo;ouvrir \u00e0 chaque salari\u00e9 la possibilit\u00e9 d&rsquo;am\u00e9nager son temps de travail sur 4 \u00e0 5 jours. C&rsquo;est \u00e0 dire de moduler son temps de travail sur 4 jours, 4,5 jours ou 5 jours.<\/strong><\/p>\n<p>\u00c9tonnamment, certains accords d&rsquo;entreprise, comme l&rsquo;accord d&rsquo;am\u00e9nagement du temps de travail \u00e0 Creativ, le pr\u00e9voient d\u00e9j\u00e0. Mais la direction n&rsquo;est pas encore pr\u00eate \u00e0 aller au bout de l&rsquo;id\u00e9e qu&rsquo;elle a consenti \u00e0 lancer.<\/p>\n<p>Il faut donc faire encore un petit pas et ouvrir clairement la possibilit\u00e9, pour chacun.e, de travailler, 4 jours, 4,5 jours ou 5 jours.<\/p>\n<p>En effet, le Code du travail, comme l&rsquo;accord sur l&rsquo;am\u00e9nagement du temps de travail, pr\u00e9voit un maximum de 10h de travail par jour.<\/p>\n<p><strong>Pour r\u00e9partir 35h, il faut travailler de <em>\u00ab\u00a07h sur 5 jours\u00a0\u00bb<\/em> \u00e0 <em>\u00ab\u00a08h45 sur 4 jours\u00a0\u00bb<\/em>. Or, pour beaucoup de travailleuses \u00e0 temps partiel du mercredi, travailler 1h45 de plus les autres jours est parfaitement envisageable.<\/strong><\/p>\n<p>D&rsquo;un autre c\u00f4t\u00e9, pour celle ou celui qui travaille d\u00e9j\u00e0 \u00e0 80%, cela peut donc revenir \u00e0 faire 4 journ\u00e9es de 7h par jour. C&rsquo;est \u00e0 dire le m\u00eame volume journalier qu&rsquo;en faisant 35h sur 5 jours. Ce qui peut ouvrir de nouvelles perspectives \u00e0 ces salari\u00e9.es avec, \u00e0 la cl\u00e9, plus de disponibilit\u00e9s et plus de pouvoir d&rsquo;achat gr\u00e2ce \u00e0 certaines r\u00e9ductions de frais (p\u00e9riscolaire, cr\u00e8che, transports&#8230;).<\/p>\n<p>Pour la sant\u00e9 de ces travailleurs, cela peut aussi faire une vraie diff\u00e9rence.<\/p>\n<p><strong>Concr\u00e8tement, c&rsquo;est travailler, \u00e0 80%, de 8h \u00e0 16h, avec 1h de pause m\u00e9ridienne. Ou travailler de 9h \u00e0 16h30 avec 30 minutes de pause m\u00e9ridienne (le minimum obligatoire pr\u00e9vu par la CCN des Missions Locales). Sur un budget p\u00e9riscolaire ou de cr\u00e8che, c&rsquo;est 50 \u00e0 150\u20ac d&rsquo;\u00e9conomie.\u00a0 C&rsquo;est du temps trouv\u00e9 pour faire du sport ou participer \u00e0 la vie associative. Et c&rsquo;est concret!<\/strong><\/p>\n<h2>Droit n\u00b03 &#8211; La r\u00e9versibilit\u00e9 de l&rsquo;am\u00e9nagement<\/h2>\n<p><strong>Il n&rsquo;y a de choix que dans la libert\u00e9. Le droit \u00e0 la r\u00e9versibilit\u00e9 est d\u00e9j\u00e0 appliqu\u00e9, aujourd&rsquo;hui,<\/strong> dans le cadre l&rsquo;accord relatif \u00e0 l&rsquo;am\u00e9nagement du temps de travail (pour les cadres de direction en forfait-jours) et dans le cadre de l&rsquo;accord relatif au t\u00e9l\u00e9travail. Dans les deux cas, il fonctionne tr\u00e8s bien et assure, \u00e0 la fois, les int\u00e9r\u00eats des travailleurs et de l&#8217;employeur.<\/p>\n<p>Il s&rsquo;agit d&rsquo;un syst\u00e8me souple qui permet, \u00e0 chaque partie, de reconsid\u00e9rer, \u00e0 intervalles r\u00e9guliers, son engagement, apr\u00e8s une p\u00e9riode d&rsquo;observation et sous le contr\u00f4le des repr\u00e9sentants du personnel. Ainsi, tous les niveaux de libert\u00e9 sont garantis.<\/p>\n<p><strong>Afin qu&rsquo;il soit pleinement efficace, il devra inclure la possibilit\u00e9, pour le salari\u00e9, de modifier sa quotit\u00e9 de travail lors de la signature du premier avenant et en cas de non renouvellement (subi) de celui-ci.<\/strong><\/p>\n","protected":false},"excerpt":{"rendered":"<p>Lorsqu&rsquo;on en parle, certain.es r\u00eavent et d&rsquo;autres d\u00e9noncent une utopie. Pourtant, la semaine de 4 jours est d\u00e9j\u00e0 une r\u00e9alit\u00e9 (et depuis fort longtemps) pour un tr\u00e8s grand nombre de travailleurs \u00e0 temps partiel. Consid\u00e9rons les faits&#8230; C&rsquo;est, en effet, plus d&rsquo;un cinqui\u00e8me des travailleurs, y compris dans nos structures, qui sont concern\u00e9s par cette [&hellip;]<\/p>\n","protected":false},"author":1,"featured_media":643,"comment_status":"open","ping_status":"open","sticky":false,"template":"","format":"standard","meta":{"footnotes":""},"categories":[28],"tags":[],"class_list":["post-640","post","type-post","status-publish","format-standard","has-post-thumbnail","hentry","category-notes"],"_links":{"self":[{"href":"https:\/\/unis-metis.fr\/index.php?rest_route=\/wp\/v2\/posts\/640","targetHints":{"allow":["GET"]}}],"collection":[{"href":"https:\/\/unis-metis.fr\/index.php?rest_route=\/wp\/v2\/posts"}],"about":[{"href":"https:\/\/unis-metis.fr\/index.php?rest_route=\/wp\/v2\/types\/post"}],"author":[{"embeddable":true,"href":"https:\/\/unis-metis.fr\/index.php?rest_route=\/wp\/v2\/users\/1"}],"replies":[{"embeddable":true,"href":"https:\/\/unis-metis.fr\/index.php?rest_route=%2Fwp%2Fv2%2Fcomments&post=640"}],"version-history":[{"count":0,"href":"https:\/\/unis-metis.fr\/index.php?rest_route=\/wp\/v2\/posts\/640\/revisions"}],"wp:featuredmedia":[{"embeddable":true,"href":"https:\/\/unis-metis.fr\/index.php?rest_route=\/wp\/v2\/media\/643"}],"wp:attachment":[{"href":"https:\/\/unis-metis.fr\/index.php?rest_route=%2Fwp%2Fv2%2Fmedia&parent=640"}],"wp:term":[{"taxonomy":"category","embeddable":true,"href":"https:\/\/unis-metis.fr\/index.php?rest_route=%2Fwp%2Fv2%2Fcategories&post=640"},{"taxonomy":"post_tag","embeddable":true,"href":"https:\/\/unis-metis.fr\/index.php?rest_route=%2Fwp%2Fv2%2Ftags&post=640"}],"curies":[{"name":"wp","href":"https:\/\/api.w.org\/{rel}","templated":true}]}}