{"id":705,"date":"2021-09-30T08:44:40","date_gmt":"2021-09-30T06:44:40","guid":{"rendered":"https:\/\/unis-metis.fr\/?p=705"},"modified":"2021-10-06T16:55:36","modified_gmt":"2021-10-06T14:55:36","slug":"dessine-ton-taf-les-risques-psychosociaux-rps","status":"publish","type":"post","link":"https:\/\/unis-metis.fr\/?p=705","title":{"rendered":"Dessine Ton Taf &#8211; Les Risques Psychosociaux (RPS) &#8211; 15\/10\/2021"},"content":{"rendered":"<div class='booster-block booster-read-block'>\n                <div class=\"twp-read-time\">\n                \t<i class=\"booster-icon twp-clock\"><\/i> <span>Temps de lecture :<\/span>1 Minutes, 36 Secondes                <\/div>\n\n            <\/div><blockquote>\n<h1>Inscris-toi \u00e0 l&rsquo;\u00e9v\u00e9nement!<\/h1>\n<\/blockquote>\n<p>Si tu souhaites t\u2019informer pour agir (modestement ou plus) dans ton entreprise, sur des sujets cl\u00e9s du droit du travail qui influencent concr\u00e8tement le quotidien, ou juste t\u2019informer pour ton \u00e9dification personnelle, pour mieux conna\u00eetre tes droits\u2026<\/p>\n<p>Alors tu es au bon endroit!<\/p>\n<p>Notre programme d\u2019\u00e9v\u00e9nement \u00ab\u00a0Dessine Ton Taf!\u00a0\u00bb te propose r\u00e9guli\u00e8rement des minis-formations, accessibles librement et gratuitement en ligne (et\/ou physiquement sous certaines conditions), avec des intervenants de qualit\u00e9, sur un sujet pr\u00e9cis. D\u00e9couvre le sujet de ce mois-ci\u2026<\/p>\n<p><strong>Nos \u00e9v\u00e9nements sur d\u00e9roulent sur la pause du midi, de 12h30 \u00e0 14h, pour permettre au plus grand nombre d\u2019y participer en d\u00e9jeunant.<\/strong><\/p>\n<h2><strong>Th\u00e8me : Les Risques Psychosociaux (RPS)<\/strong><\/h2>\n<p><em>Intervenants (liste non-exhausive): Me Jean-Baptiste Gavignet (avocat &#8211; <a href=\"http:\/\/www.cabinet-gavignet.fr\/\" target=\"_blank\" rel=\"noopener\">SCP Gavignet &amp; Associ\u00e9s<\/a>), Nadia SRO (<a href=\"https:\/\/nadia-psychologue-dijon.com\/\" target=\"_blank\" rel=\"noopener\">Psychologue clinicienne &amp; Psychologue du travail<\/a>), Arnaud FARIZON (expert-comptable &#8211;\u00a0<a href=\"https:\/\/www.exoce.fr\/\" target=\"_blank\" rel=\"noopener\">Cabinet EXOCE<\/a>)<br \/>\n<\/em><\/p>\n<p>&nbsp;<\/p>\n\t\t\t<iframe\n\t\t\t\tid=\"idIframe\"\n\t\t\t\tsrc=\"https:\/\/www.helloasso.com\/associations\/unis-metis\/evenements\/les-risques-psychosociaux\/widget\"\n\t\t\t\theight=750px\"\t\t\t\twidth=100%\"\t\t\t\tframeborder=\"0\"\n\t\t\t\tloading=\"lazy\"\n\t\t\t\tallowtransparency=\"true\"\n\t\t\t\tonload=\"resizeIframeMessage()\"><\/iframe>\n\n<p>&nbsp;<\/p>\n<p><strong>Tu peux aussi afficher le formulaire d&rsquo;inscription sur une page enti\u00e8re, en cliquant sur le lien ci-dessous:<\/strong><\/p>\n<p><a href=\"https:\/\/www.helloasso.com\/associations\/unis-metis\/evenements\/les-risques-psychosociaux\" target=\"_blank\" rel=\"noopener\"><strong>https:\/\/www.helloasso.com\/associations\/unis-metis\/evenements\/les-risques-psychosociaux<\/strong><\/a><\/p>\n","protected":false},"excerpt":{"rendered":"<p>Inscris-toi \u00e0 l&rsquo;\u00e9v\u00e9nement! Si tu souhaites t\u2019informer pour agir (modestement ou plus) dans ton entreprise, sur des sujets cl\u00e9s du droit du travail qui influencent concr\u00e8tement le quotidien, ou juste t\u2019informer pour ton \u00e9dification personnelle, pour mieux conna\u00eetre tes droits\u2026 Alors tu es au bon endroit! Notre programme d\u2019\u00e9v\u00e9nement \u00ab\u00a0Dessine Ton Taf!\u00a0\u00bb te propose r\u00e9guli\u00e8rement [&hellip;]<\/p>\n","protected":false},"author":1,"featured_media":710,"comment_status":"open","ping_status":"open","sticky":false,"template":"","format":"standard","meta":{"footnotes":""},"categories":[5],"tags":[76,75,74],"class_list":["post-705","post","type-post","status-publish","format-standard","has-post-thumbnail","hentry","category-evenements","tag-dessine-ton-taf","tag-risques-psychosociaux","tag-rps"],"_links":{"self":[{"href":"https:\/\/unis-metis.fr\/index.php?rest_route=\/wp\/v2\/posts\/705","targetHints":{"allow":["GET"]}}],"collection":[{"href":"https:\/\/unis-metis.fr\/index.php?rest_route=\/wp\/v2\/posts"}],"about":[{"href":"https:\/\/unis-metis.fr\/index.php?rest_route=\/wp\/v2\/types\/post"}],"author":[{"embeddable":true,"href":"https:\/\/unis-metis.fr\/index.php?rest_route=\/wp\/v2\/users\/1"}],"replies":[{"embeddable":true,"href":"https:\/\/unis-metis.fr\/index.php?rest_route=%2Fwp%2Fv2%2Fcomments&post=705"}],"version-history":[{"count":0,"href":"https:\/\/unis-metis.fr\/index.php?rest_route=\/wp\/v2\/posts\/705\/revisions"}],"wp:featuredmedia":[{"embeddable":true,"href":"https:\/\/unis-metis.fr\/index.php?rest_route=\/wp\/v2\/media\/710"}],"wp:attachment":[{"href":"https:\/\/unis-metis.fr\/index.php?rest_route=%2Fwp%2Fv2%2Fmedia&parent=705"}],"wp:term":[{"taxonomy":"category","embeddable":true,"href":"https:\/\/unis-metis.fr\/index.php?rest_route=%2Fwp%2Fv2%2Fcategories&post=705"},{"taxonomy":"post_tag","embeddable":true,"href":"https:\/\/unis-metis.fr\/index.php?rest_route=%2Fwp%2Fv2%2Ftags&post=705"}],"curies":[{"name":"wp","href":"https:\/\/api.w.org\/{rel}","templated":true}]}}