{"id":853,"date":"2021-12-17T19:00:38","date_gmt":"2021-12-17T18:00:38","guid":{"rendered":"https:\/\/unis-metis.fr\/?p=853"},"modified":"2022-01-13T12:24:49","modified_gmt":"2022-01-13T11:24:49","slug":"bilel-note-de-debut-de-mandat","status":"publish","type":"post","link":"https:\/\/unis-metis.fr\/?p=853","title":{"rendered":"Bilel &#8211; Note de d\u00e9but de mandat &#8211; Creativ&rsquo;-PLIE"},"content":{"rendered":"<div class='booster-block booster-read-block'>\n                <div class=\"twp-read-time\">\n                \t<i class=\"booster-icon twp-clock\"><\/i> <span>Temps de lecture :<\/span>3 Minutes, 38 Secondes                <\/div>\n\n            <\/div><p>Tout d\u2019abord, je tiens \u00e0 vous remercier. Vous, les coll\u00e8gues qui m\u2019ont \u00e9lu avec une large majorit\u00e9 et qui m\u2019ont fait confiance pour les 4 prochaines ann\u00e9es. Je souhaite vous t\u00e9moigner ma reconnaissance et ma gratitude pour votre mobilisation.<\/p>\n<p>Mon engagement a commenc\u00e9 par un d\u00e9but de mandat difficile et \u00e9prouvant pour moi. J\u2019ai compris \u00e0 quel point, nous \u00e9tions dans une situation fragile et incertaine.<\/p>\n<p>Plonger dans les dossiers pass\u00e9s et en cours, m\u2019a permis de prendre conscience qu\u2019il fallait agir vite et efficacement. \u00c0 savoir, le dossier amiante et le projet de d\u00e9m\u00e9nagement.<\/p>\n<p>Lors de ces premi\u00e8res semaines, j\u2019ai \u00e9t\u00e9 confront\u00e9 \u00e0 des passages en force, \u00e0 des blocages et \u00e0 des agissements qui ont eu pour effet de paralyser le fonctionnement de l\u2019instance et de m\u2019entraver dans mes missions.<\/p>\n<p>J\u2019ai \u00e9t\u00e9 indign\u00e9 par les retours que m\u2019ont fait des coll\u00e8gues ayant subi des pressions pour ne pas faire appel \u00e0 leurs repr\u00e9sentants, par le d\u00e9veloppement d\u2019une ambiance d\u00e9l\u00e9t\u00e8re par le maintien artificiel d\u2019un climat conflictuel, essentiellement fond\u00e9 sur le pourrissement des relations sociales par l\u2019entrave et l\u2019\u00e9vitement du dialogue. J\u2019ai aussi \u00e9t\u00e9 scandalis\u00e9 par la cruelle l\u00e9g\u00e8ret\u00e9 avec laquelle les questions de s\u00e9curit\u00e9 sont abord\u00e9es, trait\u00e9es et partag\u00e9es.<\/p>\n<p>Par exemple, le plan de travaux de&nbsp; la rue Romain Rolland n\u2019avait pas \u00e9t\u00e9 transmis, pr\u00e9c\u00e9demment, \u00e0 la d\u00e9l\u00e9gation du personnel, qui avait \u00e9t\u00e9 consult\u00e9e sans cette information. Sachant que ce plan pr\u00e9voyait d\u2019abattre un mur amiant\u00e9, sans que les rep\u00e9rages pr\u00e9alables aux travaux ne soient faits. Ce qui auraient expos\u00e9 tant les travailleurs du chantier que ceux qui auraient travaill\u00e9 ensuite dans ces locaux, \u00e0 des fibres extr\u00eamement canc\u00e9rig\u00e8nes. Sans notre vigilance, tout se passait comme une lettre \u00e0 la poste, alors qu\u2019il s\u2019agit d&rsquo;un sujet grave. Or, nous en sommes \u00e0 un tel stade de d\u00e9sensibilisation sur ces questions que le dire peut para\u00eetre excessif pour certains lecteurs.<\/p>\n<p>Les r\u00e9unions du CSE ont \u00e9t\u00e9 le th\u00e9\u00e2tre d\u2019oppositions fortes et de m\u00e9sententes profondes.<\/p>\n<p>J\u2019estime que cela ne peut plus continuer ainsi. Malgr\u00e9 l\u2019arriv\u00e9e de nouveaux \u00e9lus, le dialogue social continue \u00e0 \u00eatre s\u00e9v\u00e8rement fractur\u00e9.<\/p>\n<p>Des d\u00e9cisions fortes et courageuses doivent \u00eatre prises pour sortir de ce carcan qui emp\u00eache les \u00e9lus d\u2019exercer librement leur r\u00f4le en d\u00e9fendant les int\u00e9r\u00eats des salari\u00e9s et nourrit une rupture entre les salari\u00e9s.<\/p>\n<p>Les instances ont besoin de renouveau, d\u2019ouverture et d\u2019apaisement afin de repartir sur de nouvelles bases, saines et transparentes.<\/p>\n<p>J\u2019ai l\u2019intime conviction que nous r\u00e9ussirons ensemble !<\/p>\n","protected":false},"excerpt":{"rendered":"<p>Tout d\u2019abord, je tiens \u00e0 vous remercier. Vous, les coll\u00e8gues qui m\u2019ont \u00e9lu avec une large majorit\u00e9 et qui m\u2019ont fait confiance pour les 4 prochaines ann\u00e9es. Je souhaite vous t\u00e9moigner ma reconnaissance et ma gratitude pour votre mobilisation. Mon engagement a commenc\u00e9 par un d\u00e9but de mandat difficile et \u00e9prouvant pour moi. J\u2019ai compris [&hellip;]<\/p>\n","protected":false},"author":2,"featured_media":1051,"comment_status":"open","ping_status":"open","sticky":false,"template":"","format":"standard","meta":{"footnotes":""},"categories":[28],"tags":[],"class_list":["post-853","post","type-post","status-publish","format-standard","has-post-thumbnail","hentry","category-notes"],"_links":{"self":[{"href":"https:\/\/unis-metis.fr\/index.php?rest_route=\/wp\/v2\/posts\/853","targetHints":{"allow":["GET"]}}],"collection":[{"href":"https:\/\/unis-metis.fr\/index.php?rest_route=\/wp\/v2\/posts"}],"about":[{"href":"https:\/\/unis-metis.fr\/index.php?rest_route=\/wp\/v2\/types\/post"}],"author":[{"embeddable":true,"href":"https:\/\/unis-metis.fr\/index.php?rest_route=\/wp\/v2\/users\/2"}],"replies":[{"embeddable":true,"href":"https:\/\/unis-metis.fr\/index.php?rest_route=%2Fwp%2Fv2%2Fcomments&post=853"}],"version-history":[{"count":0,"href":"https:\/\/unis-metis.fr\/index.php?rest_route=\/wp\/v2\/posts\/853\/revisions"}],"wp:featuredmedia":[{"embeddable":true,"href":"https:\/\/unis-metis.fr\/index.php?rest_route=\/wp\/v2\/media\/1051"}],"wp:attachment":[{"href":"https:\/\/unis-metis.fr\/index.php?rest_route=%2Fwp%2Fv2%2Fmedia&parent=853"}],"wp:term":[{"taxonomy":"category","embeddable":true,"href":"https:\/\/unis-metis.fr\/index.php?rest_route=%2Fwp%2Fv2%2Fcategories&post=853"},{"taxonomy":"post_tag","embeddable":true,"href":"https:\/\/unis-metis.fr\/index.php?rest_route=%2Fwp%2Fv2%2Ftags&post=853"}],"curies":[{"name":"wp","href":"https:\/\/api.w.org\/{rel}","templated":true}]}}