{"id":2,"name":"Bilel","url":"https:\/\/unis-metis.fr","description":"Bilel est d\u00e9l\u00e9gu\u00e9 du personnel au CSE  au sein de l'association Creativ'.","link":"https:\/\/unis-metis.fr\/?author=2","slug":"lba","avatar_urls":{"24":"https:\/\/secure.gravatar.com\/avatar\/69a6ae573ac975e7af635a3d8c52e0d70159084593a3bfd6ca143b4da916b2fe?s=24&d=mm&r=g","48":"https:\/\/secure.gravatar.com\/avatar\/69a6ae573ac975e7af635a3d8c52e0d70159084593a3bfd6ca143b4da916b2fe?s=48&d=mm&r=g","96":"https:\/\/secure.gravatar.com\/avatar\/69a6ae573ac975e7af635a3d8c52e0d70159084593a3bfd6ca143b4da916b2fe?s=96&d=mm&r=g"},"meta":[],"_links":{"self":[{"href":"https:\/\/unis-metis.fr\/index.php?rest_route=\/wp\/v2\/users\/2","targetHints":{"allow":["GET"]}}],"collection":[{"href":"https:\/\/unis-metis.fr\/index.php?rest_route=\/wp\/v2\/users"}]}}