{"id":5,"name":"Jonathan","url":"https:\/\/unis-metis.fr\/","description":"Jonathan est Repr\u00e9sentant de la Section Syndicale UNIS-METIS, \u00e0 la Mission Locale de l'arrondissement de Dijon. Il est aussi Conseiller du salari\u00e9.","link":"https:\/\/unis-metis.fr\/?author=5","slug":"jo","avatar_urls":{"24":"https:\/\/secure.gravatar.com\/avatar\/5400730a4ea88100ce65d76f535a1cf693527a157555d7b9e31b2bfc8761f678?s=24&d=mm&r=g","48":"https:\/\/secure.gravatar.com\/avatar\/5400730a4ea88100ce65d76f535a1cf693527a157555d7b9e31b2bfc8761f678?s=48&d=mm&r=g","96":"https:\/\/secure.gravatar.com\/avatar\/5400730a4ea88100ce65d76f535a1cf693527a157555d7b9e31b2bfc8761f678?s=96&d=mm&r=g"},"meta":[],"_links":{"self":[{"href":"https:\/\/unis-metis.fr\/index.php?rest_route=\/wp\/v2\/users\/5","targetHints":{"allow":["GET"]}}],"collection":[{"href":"https:\/\/unis-metis.fr\/index.php?rest_route=\/wp\/v2\/users"}]}}